{"id":1020,"date":"2024-04-30T11:14:20","date_gmt":"2024-04-30T11:14:20","guid":{"rendered":"https:\/\/www.erdokovesd.hu\/?p=1020"},"modified":"2024-05-07T07:59:58","modified_gmt":"2024-05-07T07:59:58","slug":"valasztasi-informaciok-helyi-valasztasi-bizottsag-hatarozatai","status":"publish","type":"post","link":"https:\/\/www.erdokovesd.hu\/?p=1020","title":{"rendered":"V\u00e1laszt\u00e1si inform\u00e1ci\u00f3k &#8211; Helyi V\u00e1laszt\u00e1si Bizotts\u00e1g hat\u00e1rozatai"},"content":{"rendered":"\n<ol class=\"wp-block-list\">\n<li><a href=\"http:\/\/www.erdokovesd.hu\/wp-content\/uploads\/2024\/04\/20240430123228364.pdf\">A HVB 7\/2024 (IV.29.) hat\u00e1rozata a helyi \u00f6nkorm\u00e1nyzati k\u00e9pvisel\u0151k \u00e9s polg\u00e1rmesterek 2024. \u00e9vi <\/a><br><a href=\"http:\/\/www.erdokovesd.hu\/wp-content\/uploads\/2024\/04\/20240430123228364.pdf\">\u00e1ltal\u00e1nos v\u00e1laszt\u00e1s\u00e1n\u00a0<strong>nyilv\u00e1ntart\u00e1sba v\u00e9telr\u0151l.<\/strong><\/a><br><\/li>\n\n\n\n<li><a href=\"http:\/\/www.erdokovesd.hu\/wp-content\/uploads\/2024\/05\/20240507091613445.pdf\" target=\"_blank\" rel=\"noreferrer noopener\">A HVB 8\/2024 (V.6.) hat\u00e1rozata a helyi \u00f6nkorm\u00e1nyzati k\u00e9pvisel\u0151k \u00e9s polg\u00e1rmesterek 2024. \u00e9vi \u00e1ltal\u00e1nos v\u00e1laszt\u00e1s\u00e1n\u00a0<strong>nyilv\u00e1ntart\u00e1sba v\u00e9telr\u0151l.<\/strong><\/a><br><\/li>\n\n\n\n<li><a href=\"http:\/\/www.erdokovesd.hu\/wp-content\/uploads\/2024\/05\/20240507091515273-1.pdf\" target=\"_blank\" rel=\"noreferrer noopener\">Polg\u00e1rmester jel\u00f6ltek szavaz\u00f3lapon t\u00f6rt\u00e9n\u0151 sorrendj\u00e9r\u0151l<\/a><\/li>\n\n\n\n<li><a href=\"http:\/\/www.erdokovesd.hu\/wp-content\/uploads\/2024\/05\/20240507091515273-2.pdf\" target=\"_blank\" rel=\"noreferrer noopener\">Egy\u00e9ni k\u00e9pvisel\u0151k szavaz\u00f3lapon t\u00f6rt\u00e9n\u0151 sorrendj\u00e9r\u0151l<\/a><\/li>\n\n\n\n<li><a href=\"http:\/\/www.erdokovesd.hu\/wp-content\/uploads\/2024\/05\/20240507091515273-3.pdf\" target=\"_blank\" rel=\"noreferrer noopener\">Roma nemzetis\u00e9gi jel\u00f6ltek szavaz\u00f3lapon t\u00f6rt\u00e9n\u0151 sorrendj\u00e9r\u0151l<\/a><\/li>\n<\/ol>\n","protected":false},"excerpt":{"rendered":"","protected":false},"author":1,"featured_media":1016,"comment_status":"closed","ping_status":"open","sticky":false,"template":"","format":"standard","meta":{"footnotes":""},"categories":[57],"tags":[61,4,58],"class_list":["post-1020","post","type-post","status-publish","format-standard","has-post-thumbnail","hentry","category-valasztas-2024","tag-61","tag-informacio","tag-valasztas"],"_links":{"self":[{"href":"https:\/\/www.erdokovesd.hu\/index.php?rest_route=\/wp\/v2\/posts\/1020","targetHints":{"allow":["GET"]}}],"collection":[{"href":"https:\/\/www.erdokovesd.hu\/index.php?rest_route=\/wp\/v2\/posts"}],"about":[{"href":"https:\/\/www.erdokovesd.hu\/index.php?rest_route=\/wp\/v2\/types\/post"}],"author":[{"embeddable":true,"href":"https:\/\/www.erdokovesd.hu\/index.php?rest_route=\/wp\/v2\/users\/1"}],"replies":[{"embeddable":true,"href":"https:\/\/www.erdokovesd.hu\/index.php?rest_route=%2Fwp%2Fv2%2Fcomments&post=1020"}],"version-history":[{"count":4,"href":"https:\/\/www.erdokovesd.hu\/index.php?rest_route=\/wp\/v2\/posts\/1020\/revisions"}],"predecessor-version":[{"id":1029,"href":"https:\/\/www.erdokovesd.hu\/index.php?rest_route=\/wp\/v2\/posts\/1020\/revisions\/1029"}],"wp:featuredmedia":[{"embeddable":true,"href":"https:\/\/www.erdokovesd.hu\/index.php?rest_route=\/wp\/v2\/media\/1016"}],"wp:attachment":[{"href":"https:\/\/www.erdokovesd.hu\/index.php?rest_route=%2Fwp%2Fv2%2Fmedia&parent=1020"}],"wp:term":[{"taxonomy":"category","embeddable":true,"href":"https:\/\/www.erdokovesd.hu\/index.php?rest_route=%2Fwp%2Fv2%2Fcategories&post=1020"},{"taxonomy":"post_tag","embeddable":true,"href":"https:\/\/www.erdokovesd.hu\/index.php?rest_route=%2Fwp%2Fv2%2Ftags&post=1020"}],"curies":[{"name":"wp","href":"https:\/\/api.w.org\/{rel}","templated":true}]}}