{"id":104,"date":"2018-11-12T12:20:49","date_gmt":"2018-11-12T12:20:49","guid":{"rendered":"http:\/\/www.petervasara.hu\/erdokovesd\/?p=104"},"modified":"2018-11-14T10:04:12","modified_gmt":"2018-11-14T10:04:12","slug":"cimerunk","status":"publish","type":"post","link":"https:\/\/www.erdokovesd.hu\/?p=104","title":{"rendered":"C\u00edmer\u00fcnk"},"content":{"rendered":"<p>Erd\u0151k\u00f6vesd c\u00edmere \u00e1ll\u00f3, cs\u00fccsk\u00f6s talp\u00fa t\u00e1rcsapajzs. Jobb har\u00e1nt, ez\u00fcstp\u00f3ly\u00e1val kett\u00e9 osztott. A p\u00f3lya szimboliz\u00e1lja a falu ment\u00e9n h\u00faz\u00f3d\u00f3 Tarna-, V\u00edzv\u00f6lgyi- \u00e9s Dudar-patakokat.<\/p>\n<ul>\n<li>A jobb oldali v\u00f6r\u00f6s mez\u0151ben jobb har\u00e1nt ir\u00e1nyban cs\u00facs\u00e1val lefel\u00e9 \u00e1ll\u00f3 ez\u00fcstsz\u00edn\u0171 ekevas, amely szimboliz\u00e1lja a telep\u00fcl\u00e9sen \u00e9l\u0151k \u0151stermel\u0151i tev\u00e9kenys\u00e9g\u00e9t, felette a pajzs tetej\u00e9n 1311 \u00e9vsz\u00e1m arannyal \u00edrva.<\/li>\n<li>A bal oldali v\u00f6r\u00f6s mez\u0151ben aranysz\u00edn\u0171, ugr\u00f3 szarvas, amely a k\u00f6zs\u00e9g 1728-ban k\u00e9sz\u00fclt pecs\u00e9tj\u00e9nek c\u00edmer\u00e1llata. Utal a telep\u00fcl\u00e9s egykori b\u0151 \u00e1llat\u00e1llom\u00e1ny\u00e1ra \u00e9s a nagy erd\u0151ter\u00fcletre.<\/li>\n<\/ul>\n<p>A pajzs f\u00f6l\u00f6tt h\u00e1romlombos, k\u00e9tgy\u00f6ngy\u00f6s aranysz\u00edn\u0171 korona, v\u00f6r\u00f6s \u00e9s aranysz\u00edn\u0171 takar\u00f3val. A korona az Orczy csal\u00e1d c\u00edmer\u00e9nek heraldikai d\u00edszeir\u0151l \u00e1tvett szimb\u00f3lum, amely eml\u00e9keztet a telep\u00fcl\u00e9st birtokl\u00f3 Orczyak XVIII. sz\u00e1zadi adom\u00e1nyoz\u00f3, falu\u00e9p\u00edt\u0151 \u00e9s sz\u00e9p\u00edt\u0151 tev\u00e9kenys\u00e9g\u00e9re.<\/p>\n<p><a href=\"https:\/\/magyarcimerek.hu\/732-erdokovesd\" target=\"_blank\" rel=\"noopener\">C\u00edmer\u00fcnk a magyar c\u00edmerek weboldalon<\/a><\/p>\n<p><img decoding=\"async\" class=\"aligncenter size-full wp-image-105\" src=\"http:\/\/www.erdokovesd.hu\/wp-content\/uploads\/2018\/11\/600px-HUN_Erd\u0151k\u00f6vesd_C\u00edmer.svg_.png\" alt=\"\" width=\"600\" height=\"553\" srcset=\"https:\/\/www.erdokovesd.hu\/wp-content\/uploads\/2018\/11\/600px-HUN_Erd\u0151k\u00f6vesd_C\u00edmer.svg_.png 600w, https:\/\/www.erdokovesd.hu\/wp-content\/uploads\/2018\/11\/600px-HUN_Erd\u0151k\u00f6vesd_C\u00edmer.svg_-300x277.png 300w\" sizes=\"(max-width: 600px) 100vw, 600px\" \/><\/p>\n<p>&nbsp;<\/p>\n","protected":false},"excerpt":{"rendered":"<p>Erd\u0151k\u00f6vesd c\u00edmere \u00e1ll\u00f3, cs\u00fccsk\u00f6s talp\u00fa t\u00e1rcsapajzs. Jobb har\u00e1nt, ez\u00fcstp\u00f3ly\u00e1val kett\u00e9 osztott. A p\u00f3lya szimboliz\u00e1lja a falu ment\u00e9n h\u00faz\u00f3d\u00f3 Tarna-, V\u00edzv\u00f6lgyi- \u00e9s Dudar-patakokat. A jobb oldali v\u00f6r\u00f6s mez\u0151ben jobb har\u00e1nt ir\u00e1nyban cs\u00facs\u00e1val lefel\u00e9 \u00e1ll\u00f3 ez\u00fcstsz\u00edn\u0171&#46;&#46;&#46;<\/p>\n","protected":false},"author":1,"featured_media":105,"comment_status":"closed","ping_status":"open","sticky":false,"template":"","format":"standard","meta":{"footnotes":""},"categories":[3],"tags":[],"class_list":["post-104","post","type-post","status-publish","format-standard","has-post-thumbnail","hentry","category-erdokovesd"],"_links":{"self":[{"href":"https:\/\/www.erdokovesd.hu\/index.php?rest_route=\/wp\/v2\/posts\/104","targetHints":{"allow":["GET"]}}],"collection":[{"href":"https:\/\/www.erdokovesd.hu\/index.php?rest_route=\/wp\/v2\/posts"}],"about":[{"href":"https:\/\/www.erdokovesd.hu\/index.php?rest_route=\/wp\/v2\/types\/post"}],"author":[{"embeddable":true,"href":"https:\/\/www.erdokovesd.hu\/index.php?rest_route=\/wp\/v2\/users\/1"}],"replies":[{"embeddable":true,"href":"https:\/\/www.erdokovesd.hu\/index.php?rest_route=%2Fwp%2Fv2%2Fcomments&post=104"}],"version-history":[{"count":3,"href":"https:\/\/www.erdokovesd.hu\/index.php?rest_route=\/wp\/v2\/posts\/104\/revisions"}],"predecessor-version":[{"id":131,"href":"https:\/\/www.erdokovesd.hu\/index.php?rest_route=\/wp\/v2\/posts\/104\/revisions\/131"}],"wp:featuredmedia":[{"embeddable":true,"href":"https:\/\/www.erdokovesd.hu\/index.php?rest_route=\/wp\/v2\/media\/105"}],"wp:attachment":[{"href":"https:\/\/www.erdokovesd.hu\/index.php?rest_route=%2Fwp%2Fv2%2Fmedia&parent=104"}],"wp:term":[{"taxonomy":"category","embeddable":true,"href":"https:\/\/www.erdokovesd.hu\/index.php?rest_route=%2Fwp%2Fv2%2Fcategories&post=104"},{"taxonomy":"post_tag","embeddable":true,"href":"https:\/\/www.erdokovesd.hu\/index.php?rest_route=%2Fwp%2Fv2%2Ftags&post=104"}],"curies":[{"name":"wp","href":"https:\/\/api.w.org\/{rel}","templated":true}]}}