{"id":110,"date":"2018-11-12T21:12:48","date_gmt":"2018-11-12T21:12:48","guid":{"rendered":"http:\/\/www.petervasara.hu\/erdokovesd\/?p=110"},"modified":"2018-11-14T10:18:43","modified_gmt":"2018-11-14T10:18:43","slug":"kepek-tajkepek","status":"publish","type":"post","link":"https:\/\/www.erdokovesd.hu\/?p=110","title":{"rendered":"K\u00e9pek &#8211; t\u00e1jk\u00e9pek"},"content":{"rendered":"<div id=\"attachment_119\" style=\"width: 586px\" class=\"wp-caption aligncenter\"><img decoding=\"async\" aria-describedby=\"caption-attachment-119\" class=\"size-full wp-image-119\" src=\"http:\/\/www.erdokovesd.hu\/wp-content\/uploads\/2018\/11\/m_12.jpg\" alt=\"\" width=\"576\" height=\"432\" srcset=\"https:\/\/www.erdokovesd.hu\/wp-content\/uploads\/2018\/11\/m_12.jpg 576w, https:\/\/www.erdokovesd.hu\/wp-content\/uploads\/2018\/11\/m_12-300x225.jpg 300w\" sizes=\"(max-width: 576px) 100vw, 576px\" \/><p id=\"caption-attachment-119\" class=\"wp-caption-text\">Az \u0150r-hegy: Erd\u0151k\u00f6vesd \u00e9s V\u00e1rasz\u00f3 hat\u00e1ra. El\u0151t\u00e9rben a Kis-\u0150r-hegy<\/p><\/div>\n<div id=\"attachment_118\" style=\"width: 586px\" class=\"wp-caption aligncenter\"><img decoding=\"async\" aria-describedby=\"caption-attachment-118\" class=\"size-full wp-image-118\" src=\"http:\/\/www.erdokovesd.hu\/wp-content\/uploads\/2018\/11\/m_9-1.jpg\" alt=\"\" width=\"576\" height=\"432\" srcset=\"https:\/\/www.erdokovesd.hu\/wp-content\/uploads\/2018\/11\/m_9-1.jpg 576w, https:\/\/www.erdokovesd.hu\/wp-content\/uploads\/2018\/11\/m_9-1-300x225.jpg 300w\" sizes=\"(max-width: 576px) 100vw, 576px\" \/><p id=\"caption-attachment-118\" class=\"wp-caption-text\">A S\u00fct\u0151-v\u00f6lgy v\u00e9ge a H\u00e1l\u00f3-l\u00e1pa<\/p><\/div>\n<div id=\"attachment_117\" style=\"width: 586px\" class=\"wp-caption aligncenter\"><img decoding=\"async\" aria-describedby=\"caption-attachment-117\" class=\"size-full wp-image-117\" src=\"http:\/\/www.erdokovesd.hu\/wp-content\/uploads\/2018\/11\/m_8-1.jpg\" alt=\"\" width=\"576\" height=\"432\" srcset=\"https:\/\/www.erdokovesd.hu\/wp-content\/uploads\/2018\/11\/m_8-1.jpg 576w, https:\/\/www.erdokovesd.hu\/wp-content\/uploads\/2018\/11\/m_8-1-300x225.jpg 300w\" sizes=\"(max-width: 576px) 100vw, 576px\" \/><p id=\"caption-attachment-117\" class=\"wp-caption-text\">A Tarna \u00e9s a Saj\u00f3 v\u00edzrendszer\u00e9t elv\u00e1laszt\u00f3 \u00d3b\u00fckk l\u00e1tk\u00e9pe a Borosty\u00e1nosr\u00f3l<\/p><\/div>\n<div id=\"attachment_116\" style=\"width: 586px\" class=\"wp-caption aligncenter\"><img decoding=\"async\" aria-describedby=\"caption-attachment-116\" class=\"size-full wp-image-116\" src=\"http:\/\/www.erdokovesd.hu\/wp-content\/uploads\/2018\/11\/m_7-1.jpg\" alt=\"\" width=\"576\" height=\"432\" srcset=\"https:\/\/www.erdokovesd.hu\/wp-content\/uploads\/2018\/11\/m_7-1.jpg 576w, https:\/\/www.erdokovesd.hu\/wp-content\/uploads\/2018\/11\/m_7-1-300x225.jpg 300w\" sizes=\"(max-width: 576px) 100vw, 576px\" \/><p id=\"caption-attachment-116\" class=\"wp-caption-text\">A falu \u0151si magja a templom l\u00e1b\u00e1n\u00e1l telep\u00fclt<\/p><\/div>\n<div id=\"attachment_115\" style=\"width: 586px\" class=\"wp-caption aligncenter\"><img decoding=\"async\" aria-describedby=\"caption-attachment-115\" class=\"size-full wp-image-115\" src=\"http:\/\/www.erdokovesd.hu\/wp-content\/uploads\/2018\/11\/m_6-1.jpg\" alt=\"\" width=\"576\" height=\"432\" srcset=\"https:\/\/www.erdokovesd.hu\/wp-content\/uploads\/2018\/11\/m_6-1.jpg 576w, https:\/\/www.erdokovesd.hu\/wp-content\/uploads\/2018\/11\/m_6-1-300x225.jpg 300w\" sizes=\"(max-width: 576px) 100vw, 576px\" \/><p id=\"caption-attachment-115\" class=\"wp-caption-text\">A falu l\u00e1tk\u00e9pe a Kis-\u0150r-hegyr\u0151l<\/p><\/div>\n<div id=\"attachment_114\" style=\"width: 586px\" class=\"wp-caption aligncenter\"><img decoding=\"async\" aria-describedby=\"caption-attachment-114\" class=\"size-full wp-image-114\" src=\"http:\/\/www.erdokovesd.hu\/wp-content\/uploads\/2018\/11\/m_5.jpg\" alt=\"\" width=\"576\" height=\"432\" srcset=\"https:\/\/www.erdokovesd.hu\/wp-content\/uploads\/2018\/11\/m_5.jpg 576w, https:\/\/www.erdokovesd.hu\/wp-content\/uploads\/2018\/11\/m_5-300x225.jpg 300w\" sizes=\"(max-width: 576px) 100vw, 576px\" \/><p id=\"caption-attachment-114\" class=\"wp-caption-text\">A z\u00f6ldell\u0151 korai juharok majdnem takarj\u00e1k a templomot. El\u0151t\u00e9rben a H\u00f3stya falur\u00e9sz<\/p><\/div>\n<div id=\"attachment_113\" style=\"width: 586px\" class=\"wp-caption aligncenter\"><img decoding=\"async\" aria-describedby=\"caption-attachment-113\" class=\"size-full wp-image-113\" src=\"http:\/\/www.erdokovesd.hu\/wp-content\/uploads\/2018\/11\/m_4-1.jpg\" alt=\"\" width=\"576\" height=\"432\" srcset=\"https:\/\/www.erdokovesd.hu\/wp-content\/uploads\/2018\/11\/m_4-1.jpg 576w, https:\/\/www.erdokovesd.hu\/wp-content\/uploads\/2018\/11\/m_4-1-300x225.jpg 300w\" sizes=\"(max-width: 576px) 100vw, 576px\" \/><p id=\"caption-attachment-113\" class=\"wp-caption-text\">A templomdomb l\u00e1tk\u00e9pe a Tarna-v\u00f6lgyb\u0151l, h\u00e1tt\u00e9rben a Bog\u00e1r-b\u00e9rc, m\u00f6g\u00f6tte a Nagy-B\u00e9-F\u0151<\/p><\/div>\n<div id=\"attachment_112\" style=\"width: 586px\" class=\"wp-caption aligncenter\"><img decoding=\"async\" aria-describedby=\"caption-attachment-112\" class=\"size-full wp-image-112\" src=\"http:\/\/www.erdokovesd.hu\/wp-content\/uploads\/2018\/11\/m_3-1.jpg\" alt=\"\" width=\"576\" height=\"432\" srcset=\"https:\/\/www.erdokovesd.hu\/wp-content\/uploads\/2018\/11\/m_3-1.jpg 576w, https:\/\/www.erdokovesd.hu\/wp-content\/uploads\/2018\/11\/m_3-1-300x225.jpg 300w\" sizes=\"(max-width: 576px) 100vw, 576px\" \/><p id=\"caption-attachment-112\" class=\"wp-caption-text\">Baloldalt az \u0150r-hegy, k\u00f6z\u00e9pen a volt b\u00e1r\u00f3 sz\u0151leje, jobbra a Bajd\u00e1sz\u00f3-szurdok bej\u00e1rata<\/p><\/div>\n<div id=\"attachment_111\" style=\"width: 586px\" class=\"wp-caption aligncenter\"><img decoding=\"async\" aria-describedby=\"caption-attachment-111\" class=\"size-full wp-image-111\" src=\"http:\/\/www.erdokovesd.hu\/wp-content\/uploads\/2018\/11\/m_2.jpg\" alt=\"\" width=\"576\" height=\"432\" srcset=\"https:\/\/www.erdokovesd.hu\/wp-content\/uploads\/2018\/11\/m_2.jpg 576w, https:\/\/www.erdokovesd.hu\/wp-content\/uploads\/2018\/11\/m_2-300x225.jpg 300w\" sizes=\"(max-width: 576px) 100vw, 576px\" \/><p id=\"caption-attachment-111\" class=\"wp-caption-text\">Kil\u00e1t\u00e1s a temet\u0151b\u0151l a Tarna-v\u00f6lgyre. Jobbra az \u0150r-hegy, h\u00e1tt\u00e9rben a b\u00fckkszenterzs\u00e9beti Nagy-k\u0151<\/p><\/div>\n","protected":false},"excerpt":{"rendered":"","protected":false},"author":1,"featured_media":116,"comment_status":"closed","ping_status":"open","sticky":false,"template":"","format":"standard","meta":{"footnotes":""},"categories":[15],"tags":[],"class_list":["post-110","post","type-post","status-publish","format-standard","has-post-thumbnail","hentry","category-kepek"],"_links":{"self":[{"href":"https:\/\/www.erdokovesd.hu\/index.php?rest_route=\/wp\/v2\/posts\/110","targetHints":{"allow":["GET"]}}],"collection":[{"href":"https:\/\/www.erdokovesd.hu\/index.php?rest_route=\/wp\/v2\/posts"}],"about":[{"href":"https:\/\/www.erdokovesd.hu\/index.php?rest_route=\/wp\/v2\/types\/post"}],"author":[{"embeddable":true,"href":"https:\/\/www.erdokovesd.hu\/index.php?rest_route=\/wp\/v2\/users\/1"}],"replies":[{"embeddable":true,"href":"https:\/\/www.erdokovesd.hu\/index.php?rest_route=%2Fwp%2Fv2%2Fcomments&post=110"}],"version-history":[{"count":4,"href":"https:\/\/www.erdokovesd.hu\/index.php?rest_route=\/wp\/v2\/posts\/110\/revisions"}],"predecessor-version":[{"id":138,"href":"https:\/\/www.erdokovesd.hu\/index.php?rest_route=\/wp\/v2\/posts\/110\/revisions\/138"}],"wp:featuredmedia":[{"embeddable":true,"href":"https:\/\/www.erdokovesd.hu\/index.php?rest_route=\/wp\/v2\/media\/116"}],"wp:attachment":[{"href":"https:\/\/www.erdokovesd.hu\/index.php?rest_route=%2Fwp%2Fv2%2Fmedia&parent=110"}],"wp:term":[{"taxonomy":"category","embeddable":true,"href":"https:\/\/www.erdokovesd.hu\/index.php?rest_route=%2Fwp%2Fv2%2Fcategories&post=110"},{"taxonomy":"post_tag","embeddable":true,"href":"https:\/\/www.erdokovesd.hu\/index.php?rest_route=%2Fwp%2Fv2%2Ftags&post=110"}],"curies":[{"name":"wp","href":"https:\/\/api.w.org\/{rel}","templated":true}]}}