{"id":23,"date":"2018-11-11T10:38:49","date_gmt":"2018-11-11T10:38:49","guid":{"rendered":"http:\/\/www.petervasara.hu\/erdokovesd\/?p=23"},"modified":"2022-02-03T13:12:54","modified_gmt":"2022-02-03T13:12:54","slug":"kozsegunkol","status":"publish","type":"post","link":"https:\/\/www.erdokovesd.hu\/?p=23","title":{"rendered":"K\u00f6zs\u00e9g\u00fcnk\u0151l"},"content":{"rendered":"<h1>Erd\u0151k\u00f6vesdr\u0151l<\/h1>\n<p>K\u00f6zs\u00e9g\u00fcnk Magyarorsz\u00e1g \u00e9szakkeleti r\u00e9sz\u00e9n, Heves megye \u00e9szaki-nyugati perem\u00e9n, P\u00e9terv\u00e1s\u00e1ra v\u00e1rossal egybe\u00e9p\u00fclve tal\u00e1lhat\u00f3. K\u00f6z\u00faton Eger 34, Salg\u00f3tarj\u00e1n 30, \u00d3zd 34 km. A szlov\u00e1k hat\u00e1r\u00e1tkel\u0151 (Cered-Tachty) 12 km-re van.<br \/>\nErd\u0151k\u00f6vesd kis pal\u00f3c falu a Tarna-patak jobb partj\u00e1n telep\u00fclt. \u00c9szak \u00e9s kelet fel\u0151l erd\u0151s dombok \u00f6vezik, biztos\u00edtva a j\u00f3 leveg\u0151t, a sz\u00e9p term\u00e9szeti k\u00f6rnyezetet, a t\u00far\u00e1z\u00e1s \u00e9s lovagl\u00e1s lehet\u0151s\u00e9g\u00e9t.<\/p>\n<p>A falusi turizmus fellend\u00fcl\u0151ben van. A B\u00fcd\u00f6sk\u00fati t\u00f3 erdei pihen\u0151je, a Dudarhegy k\u00e9k jelz\u00e9s\u0171 t\u00farista\u00fatja, az erd\u00e9szh\u00e1z sz\u00e1ll\u00e1shelye, egy kemenc\u00e9s kocsma \u00e9s a j\u00f3 programok a fentieket bizony\u00edtj\u00e1k<\/p>\n<h2 class=\"article\">Erd\u0151k\u00f6vesd t\u00f6rt\u00e9nete<\/h2>\n<div class=\"article\">\n<p>A k\u00e9s\u0151 r\u00e9zkort\u00f3l vannak leletek, amelyek az ember korai megteleped\u00e9s\u00e9t bizony\u00edtj\u00e1k (\u0150rhegy). A bronzkort\u00f3l sz\u00e1rmazik a k\u00e9t itt tal\u00e1lt diad\u00e9m. A n\u00e9pv\u00e1ndorl\u00e1s kor\u00e1nak fontos lelete a Nemzeti M\u00fazeumban ki\u00e1ll\u00edtott vand\u00e1l katonai vezet\u0151 arany\u00e9kszer mell\u00e9klettel gazdag s\u00edrja, amely az Akaszt\u00f3alja-d\u0171l\u0151b\u0151l ker\u00fclt el\u0151.<\/p>\n<p>A honfoglal\u00e1s ut\u00e1n hamar megtelep\u00fclt itt a magyar lakoss\u00e1g. Legr\u00e9gebbi fennmaradt \u00edr\u00e1sos eml\u00edt\u00e9se 1255-ben Kues alakban, 1321-ben Kwesd-nek \u00edrj\u00e1k. 1255-ben a bolondocsi v\u00e1rjobb\u00e1gyok mint a v\u00e1rhoz tartoz\u00f3 \u00f6r\u00f6kl\u00f6tt f\u00f6ldj\u00fcket k\u00f6vetelik vissza K\u00f6vesdet az \u00c1kos nembeli Ernye b\u00e1nt\u00f3l, aki f\u00f6ldesk\u00fcre k\u00f6telezi \u0151ket. A jobb\u00e1gyok ezt nem v\u00e1llalj\u00e1k, ez\u00e9rt a falu Erny\u00e9\u00e9 lett. A f\u0151\u00far ekkor hat\u00e1r\u00e1t le\u00edratta, melyben eml\u00edtik a ma ismert d\u0171l\u0151 neveket, pl. K\u00fatf\u0151, Nagy-B\u00e9-f\u0151, Tarna. A b\u00e1n unok\u00e1it\u00f3l fels\u00e9gl\u00e1zad\u00e1s miatt K\u00e1roly R\u00f3bert kir\u00e1ly a falut elkobozza, \u00e9s a Kacsics nemzets\u00e9gb\u0151l val\u00f3 Sz\u00e9cs\u00e9nyi Tam\u00e1snak adom\u00e1nyozza 1321-ben.<\/p>\n<p>A XV. sz\u00e1zad k\u00f6zep\u00e9n m\u00e1r a P\u00e1l\u00f3cziak\u00e9, akik 1446-ban mez\u0151v\u00e1rosi jogot szereznek a falunak, \u00e9s a birtokk\u00f6zpontjukhoz, Ajn\u00e1csk\u0151 v\u00e1r\u00e1hoz csatolj\u00e1k P\u00e9terv\u00e1s\u00e1r\u00e1val egy\u00fctt.<\/p>\n<p>A kett\u0151s kir\u00e1lys\u00e1g idej\u00e9n Ferdin\u00e1nd kir\u00e1ly a Szapolyai-p\u00e1rti Tornay Jakabot megfosztja k\u00f6vesdi birtok\u00e1t\u00f3l, \u00e9s azt Doctor P\u00e9ternek adja. 1546-t\u00f3l t\u00f6bb kisnemes birtokolja. 1547-ben m\u00e1r k\u00e9t k\u00fari\u00e1r\u00f3l is megeml\u00e9keznek az okiratok. A k\u00f6zs\u00e9g ter\u00fclet\u00e9n hat ad\u00f3k\u00f6teles port\u00e1r\u00f3l, h\u00e1rom elszeg\u00e9nyedettr\u0151l \u00e9s k\u00e9t elhagyott telekr\u0151l van tudom\u00e1sunk a t\u00f6r\u00f6k korszakot megel\u0151z\u0151en. A port\u00e1k sz\u00e1ma 20-30 h\u00e1ztart\u00e1sra enged k\u00f6vetkeztetni.<\/p>\n<p>A t\u00f6r\u00f6k 1550-ben h\u00f3doltatja. Eger 1596-os eleste ut\u00e1n megn\u00f6vekednek a jobb\u00e1gyterhek; Sirok v\u00e1r\u00e1ba k\u00f6vet, meszet, f\u00e1t kell fuvarozni, Egerbe sz\u00e9n\u00e1t, gabon\u00e1t ad\u00f3zni a jobb\u00e1gyoknak.<\/p>\n<p>A XVII. sz\u00e1zad v\u00e9g\u00e9n a L\u00e9gr\u00e1dy \u00e9s B\u00e1tory csal\u00e1d r\u00e9szbirtokos K\u00f6vesden. A t\u00f6r\u00f6k id\u0151ket tart\u00f3s eln\u00e9ptelened\u00e9s n\u00e9lk\u00fcl \u00e9lte \u00e1t, \u00e1m az \u0151si pal\u00f3c lakoss\u00e1g a h\u00f3dolts\u00e1g alatt teljesen kicser\u00e9l\u0151d\u00f6tt, telepesek j\u00f6ttek helyett\u00fck. B\u00e1thory G\u00e1bor hal\u00e1l\u00e1val a falu visszasz\u00e1ll a kir\u00e1lyra, aki idegen katonai vezet\u0151knek adom\u00e1nyozza. \u0150k \u00e9rdemeket szereztek a t\u00f6r\u00f6k ki\u0171z\u00e9s\u00e9ben. \u00cdgy ker\u00fclt el\u0151sz\u00f6r Gl\u00f6cklsberg Dietrich cs\u00e1sz\u00e1ri t\u00e1bornok tulajdon\u00e1ba, majd az egyik fele Popovics Ferenc\u00e9, a m\u00e1sik fele pedig Rottenstein Antal\u00e9 lesz. Egy Rottenstein lesz\u00e1rmazott egri f\u0151b\u00edr\u00f3 lesz 1747-ben. A birtokosok gyakran cser\u00e9l\u0151dnek. Az 1635. \u00e9vi \u00f6ssze\u00edr\u00e1sban m\u00e1r K\u00f6vesd n\u00e9ven szerepel, ekkor csup\u00e1n 1 1 port\u00e1ja volt. Az 1670-es \u00e9vekben kuri\u00e1lis nemesi faluv\u00e1 v\u00e1lt, amely azt jelentette, hogy nem fizetett port\u00e1i ut\u00e1n papi tizedet. 1737-ben Orczy Istv\u00e1n ver gy\u00f6keret Erd\u0151k\u00f6vesden. A telep\u00fcl\u00e9s fel\u00e9t adom\u00e1nyk\u00e9nt kapja, majd lesz\u00e1rmazottjai 1945-ig birtokosok itt.<\/p>\n<p>A k\u00f6zs\u00e9g fejl\u0151d\u00e9s\u00e9ben jelent\u0151s szerepe volt az Orczy csal\u00e1dnak. Istv\u00e1n kegy\u00fark\u00e9nt 1741-ben templomot \u00e9p\u00edttetett, majd 1760-ban m\u00e1r kast\u00e9lyuk is \u00e1ll. A kast\u00e9ly n\u00e9gy k\u00fcls\u0151 saroktornyos, f\u00f6ldszintes, kilenc szob\u00e1s \u00e9p\u00fclet, az egyik sarokb\u00e1sty\u00e1ban k\u00e1poln\u00e1val. A kast\u00e9lyt nagy angolpark \u00f6vezte. Az uradalomhoz tartozik: major, vadaskert (P\u00f3sv\u00e1ron), sz\u00e9r\u0171skert, v\u00edzimalom, moln\u00e1rh\u00e1z, serh\u00e1z, vend\u00e9gfogad\u00f3, ist\u00e1ll\u00f3k, kalm\u00e1r bolt, b\u00e9resh\u00e1zak, t\u00e9gla\u00e9get\u0151. A XIX. sz\u00e1zad k\u00f6zep\u00e9re Erd\u0151k\u00f6vesd uradalmi k\u00f6zpontj\u00e1v\u00e1 v\u00e1lik a k\u00f6rny\u00e9kbeli falvakban l\u00e9v\u0151 Orczy-birtokoknak.Az \u00farb\u00e9rrendez\u00e9s el\u0151tti f\u00f6ldesurai: Orczy L\u0151rinc, a Kanizsai, Roth \u00e9s Kiss csal\u00e1dok. A jobb\u00e1gyok a kilencedet \u00e9s az aj\u00e1nd\u00e9kot (a konyh\u00e1raval\u00f3t) term\u00e9szetben adj\u00e1k, n\u00e9ha robotolnak a majors\u00e1gban \u00e9s a sz\u0151l\u0151ben, az Als\u00f3-Bajd\u00e1sz\u00f3 hegyen. Az \u00farb\u00e9rrendez\u00e9s ut\u00e1n egy eg\u00e9sz jobb\u00e1gytelekhez 29 kishold sz\u00e1nt\u00f3 \u00e9s 5 kasz\u00e1s r\u00e9t tartozott. 1788-ban 17 kisnemes \u00e9l a faluban, k\u00f6z\u00fcl\u00fck 14-et k\u00f6teleztek nemesi felkel\u00e9sre a nap\u00f3leoni h\u00e1bor\u00fak idej\u00e9n. 1828-ban 109 h\u00e1zban \u00f6sszesen 785-en laknak. H\u00e1zass\u00e1g \u00fatj\u00e1n gr\u00f3f K\u00e1rolyi Viktor\u00e9, majd a francia sz\u00e1rmaz\u00e1s\u00fa b\u00e1r\u00f3 Piret de Bihain Lajos\u00e9 a falu nagy r\u00e9sze. A kisnemesek egyszer\u0171 k\u00fari\u00e1i a Felv\u00e9g dombj\u00e1n, az orsz\u00e1g\u00fat k\u00e9t oldal\u00e1n \u00e1lltak.<\/p>\n<p>Az 1848\/49-es forradalom \u00e9s szabads\u00e1gharc egyik esem\u00e9nye falunkat is \u00e9rintette. A cs\u00e1sz\u00e1riak Schlik alt\u00e1bornagy vezette hadteste a Tarna v\u00f6lgy\u00e9n \u00e9szakr\u00f3l k\u00f6zeledett, hogy egyes\u00fclj\u00f6n a Windishgr\u00e4tz-f\u0151sereggel. 1849. febru\u00e1r 23-\u00e1n P\u00e9terv\u00e1s\u00e1r\u00e1n \u00e9s Erd\u0151k\u00f6vesden sz\u00e1ll\u00e1solta el mag\u00e1t az osztr\u00e1k hadsereg. A f\u0151hadisz\u00e1ll\u00e1st Schlik a k\u00f6vesdi kast\u00e9lyban rendezte be. Innen keltezi level\u00e9t Ferenc J\u00f3zsefnek, \u00e9s innen indul K\u00e1poln\u00e1ra, ahol egyes\u00fcl a k\u00e9t osztr\u00e1k hadsereg, \u00e9s megveri a magyar sereget febru\u00e1r 27-\u00e9n.<\/p>\n<p>Mindk\u00e9t vil\u00e1gh\u00e1bor\u00faban v\u00e9rrel ad\u00f3zott Erd\u0151k\u00f6vesd lakoss\u00e1ga. A h\u0151s\u00f6k eml\u00e9km\u0171ve a posta el\u0151tt \u00e1ll.<\/p>\n<p><img decoding=\"async\" class=\"aligncenter size-full wp-image-26\" src=\"http:\/\/www.erdokovesd.hu\/wp-content\/uploads\/2018\/11\/6kepegyben.png\" alt=\"\" width=\"617\" height=\"783\" srcset=\"https:\/\/www.erdokovesd.hu\/wp-content\/uploads\/2018\/11\/6kepegyben.png 617w, https:\/\/www.erdokovesd.hu\/wp-content\/uploads\/2018\/11\/6kepegyben-236x300.png 236w\" sizes=\"(max-width: 617px) 100vw, 617px\" \/><\/p>\n<\/div>\n<div class=\"article\">\n<h2>L\u00e1tnival\u00f3k<\/h2>\n<p>R\u00f3mai katolikus templom \u00e9p\u00edt\u00e9s\u00e9t 1742-ben kezdi Orczy Istv\u00e1n b\u00e1r\u00f3 a r\u00e9gi templom hely\u00e9n, Szent Istv\u00e1n kir\u00e1ly tisztelet\u00e9re. Az egyhaj\u00f3s, torony n\u00e9lk\u00fcli barokk templom alatti kript\u00e1ban nyugszik t\u00f6bbek k\u00f6z\u00f6tt b\u00e1r\u00f3 Orczy Istv\u00e1n, aki h\u0151si hal\u00e1lt halt 1848. szeptember 21-\u00e9n a d\u00e9lvid\u00e9ki szerbek ellen v\u00edvott csat\u00e1ban. A falu k\u00f6zel\u00e9ben kellemes kir\u00e1ndul\u00f3helyek biztos\u00edtj\u00e1k a kikapcsol\u00f3d\u00e1st, f\u00e9l \u00f3r\u00e1n bel\u00fcl a B\u00fcd\u00f6sk\u00fati t\u00f3n\u00e1l, a Dudar hegyen vagy a Tarna partj\u00e1n\u00e1l s\u00e9t\u00e1lhat a term\u00e9szetet kedvel\u0151. Erd\u0151ink k\u00fcl\u00f6n\u00f6sen kedvelt gomb\u00e1ja a varg\u00e1nya, a K\u00f6vesv\u00f6lgyi lovastanya az orsz\u00e1g minden t\u00e1j\u00e1ra k\u00fcldi m\u00e9nes\u00e9b\u0151l a lovakat.<\/p>\n<p><img decoding=\"async\" class=\"aligncenter size-full wp-image-25\" src=\"http:\/\/www.erdokovesd.hu\/wp-content\/uploads\/2018\/11\/2kepegyben.png\" alt=\"\" width=\"627\" height=\"192\" srcset=\"https:\/\/www.erdokovesd.hu\/wp-content\/uploads\/2018\/11\/2kepegyben.png 627w, https:\/\/www.erdokovesd.hu\/wp-content\/uploads\/2018\/11\/2kepegyben-300x92.png 300w\" sizes=\"(max-width: 627px) 100vw, 627px\" \/><\/p>\n<\/div>\n<div class=\"article\">\n<h2>Term\u00e9szeti k\u00f6rnyezet<\/h2>\n<p>Erd\u0151k\u00f6vesd hat\u00e1ra sz\u00e9p kil\u00e1t\u00e1ssal, j\u00f3 leveg\u0151j\u00e9vel, finom erdei gomb\u00e1kkal, egyed\u00fcl\u00e1ll\u00f3 bor\u00f3k\u00e1s\u00e1val kir\u00e1ndul\u00e1sra cs\u00e1b\u00edt. Lehet\u0151s\u00e9g van t\u00far\u00e1z\u00e1sra, lovagl\u00e1sra, kocsik\u00e1z\u00e1sra. A k\u00f6ves-v\u00f6lgyi lipicai lovastany\u00e1n kis l\u00e9tsz\u00e1m\u00fa, \u00e1m min\u0151s\u00e9gi teny\u00e9szt\u00e9s folyik. A B\u00fcd\u00f6sk\u00fati tavat k\u00f6zs\u00e9g\u00fcnkben m\u0171k\u00f6d\u0151 alap\u00edtv\u00e1ny gondozza, t\u00f6bb forr\u00e1s is tal\u00e1lhat\u00f3 erre, aminek krist\u00e1lytiszta v\u00edz\u00e9t a k\u00f6rny\u00e9kbeliek el\u0151szeretettel fogyasztj\u00e1k a szervezetre gyakorolt j\u00f3t\u00e9kony hat\u00e1sa \u00e9s \u00edze miatt. Az ak\u00e1c vir\u00e1gz\u00e1sakor ellepik az erd\u0151ket a v\u00e1ndor m\u00e9h\u00e9szek, akik kiv\u00e1l\u00f3 min\u0151s\u00e9g\u0171 biom\u00e9zet gy\u0171jtenek.<\/p>\n<\/div>\n<div class=\"article\">\n<h2>Infrastrukt\u00fara<\/h2>\n<p>A telep\u00fcl\u00e9s minden utc\u00e1ja aszfaltozott \u00e9s j\u00e1rd\u00e1val ell\u00e1tott. A villany, v\u00edz, g\u00e1z, csatorna, telefon, internet \u00e9s k\u00e1belt\u00e9v\u00e9 h\u00e1l\u00f3zat ki\u00e9p\u00edtett. Napk\u00f6ziotthonos \u00f3voda m\u0171k\u00f6dik a faluban. 2db \u00e9lelmiszerbolt, 1 lott\u00f3z\u00f3 \u00e9s doh\u00e1nybolt , egy\u00a0 term\u00e9ny- \u00e9s t\u00e1pbolt szolg\u00e1lja a lakoss\u00e1got. Egy helyen lehet palackos g\u00e1zt cser\u00e9lni.<\/p>\n<p>\u00c9lelmiszer bolt nyitva tart\u00e1s:<\/p>\n<p>Mini ABC<br \/>\nh\u00e9tf\u0151 &#8211; p\u00e9ntek 07.00 &#8211; 12.00 14.00 &#8211; 17.00<br \/>\nszombat 07.00 &#8211; 12.00<\/p>\n<p>Ny\u00edrfa ABC \u00e9s Lott\u00f3z\u00f3<br \/>\nh\u00e9tf\u0151 &#8211; p\u00e9ntek 05.00 &#8211; 19.00<br \/>\nszombat 06.00 -19.00<br \/>\nvas\u00e1rnap 06.00 &#8211; 17.00<\/p>\n<p>A sportol\u00e1sra is lehet\u0151s\u00e9g van, sportp\u00e1ly\u00e1nk rendezett k\u00f6r\u00fclm\u00e9nyek k\u00f6z\u00f6tt v\u00e1rja az arra v\u00e1gy\u00f3kat.<\/p>\n<p>P\u00e9terv\u00e1s\u00e1r\u00e1n t\u00f6bb \u00e9lelmiszer- \u00e9s vegyeskeresked\u00e9s, p\u00e9ks\u00e9g \u00e9s t\u00fcz\u00e9p telep m\u0171k\u00f6dik a lakoss\u00e1g teljes megel\u00e9ged\u00e9s\u00e9re.<\/p>\n<p><img decoding=\"async\" class=\"aligncenter size-full wp-image-27\" src=\"http:\/\/www.erdokovesd.hu\/wp-content\/uploads\/2018\/11\/Koovesd-nagy-terkep.png\" alt=\"\" width=\"860\" height=\"1471\" srcset=\"https:\/\/www.erdokovesd.hu\/wp-content\/uploads\/2018\/11\/Koovesd-nagy-terkep.png 860w, https:\/\/www.erdokovesd.hu\/wp-content\/uploads\/2018\/11\/Koovesd-nagy-terkep-175x300.png 175w, https:\/\/www.erdokovesd.hu\/wp-content\/uploads\/2018\/11\/Koovesd-nagy-terkep-768x1314.png 768w, https:\/\/www.erdokovesd.hu\/wp-content\/uploads\/2018\/11\/Koovesd-nagy-terkep-599x1024.png 599w\" sizes=\"(max-width: 860px) 100vw, 860px\" \/><\/p>\n<\/div>\n","protected":false},"excerpt":{"rendered":"<p>Erd\u0151k\u00f6vesdr\u0151l K\u00f6zs\u00e9g\u00fcnk Magyarorsz\u00e1g \u00e9szakkeleti r\u00e9sz\u00e9n, Heves megye \u00e9szaki-nyugati perem\u00e9n, P\u00e9terv\u00e1s\u00e1ra v\u00e1rossal egybe\u00e9p\u00fclve tal\u00e1lhat\u00f3. K\u00f6z\u00faton Eger 34, Salg\u00f3tarj\u00e1n 30, \u00d3zd 34 km. A szlov\u00e1k hat\u00e1r\u00e1tkel\u0151 (Cered-Tachty) 12 km-re van. Erd\u0151k\u00f6vesd kis pal\u00f3c falu a Tarna-patak&#46;&#46;&#46;<\/p>\n","protected":false},"author":1,"featured_media":29,"comment_status":"closed","ping_status":"open","sticky":false,"template":"","format":"standard","meta":{"footnotes":""},"categories":[3],"tags":[4,5],"class_list":["post-23","post","type-post","status-publish","format-standard","has-post-thumbnail","hentry","category-erdokovesd","tag-informacio","tag-turizmus"],"_links":{"self":[{"href":"https:\/\/www.erdokovesd.hu\/index.php?rest_route=\/wp\/v2\/posts\/23","targetHints":{"allow":["GET"]}}],"collection":[{"href":"https:\/\/www.erdokovesd.hu\/index.php?rest_route=\/wp\/v2\/posts"}],"about":[{"href":"https:\/\/www.erdokovesd.hu\/index.php?rest_route=\/wp\/v2\/types\/post"}],"author":[{"embeddable":true,"href":"https:\/\/www.erdokovesd.hu\/index.php?rest_route=\/wp\/v2\/users\/1"}],"replies":[{"embeddable":true,"href":"https:\/\/www.erdokovesd.hu\/index.php?rest_route=%2Fwp%2Fv2%2Fcomments&post=23"}],"version-history":[{"count":5,"href":"https:\/\/www.erdokovesd.hu\/index.php?rest_route=\/wp\/v2\/posts\/23\/revisions"}],"predecessor-version":[{"id":747,"href":"https:\/\/www.erdokovesd.hu\/index.php?rest_route=\/wp\/v2\/posts\/23\/revisions\/747"}],"wp:featuredmedia":[{"embeddable":true,"href":"https:\/\/www.erdokovesd.hu\/index.php?rest_route=\/wp\/v2\/media\/29"}],"wp:attachment":[{"href":"https:\/\/www.erdokovesd.hu\/index.php?rest_route=%2Fwp%2Fv2%2Fmedia&parent=23"}],"wp:term":[{"taxonomy":"category","embeddable":true,"href":"https:\/\/www.erdokovesd.hu\/index.php?rest_route=%2Fwp%2Fv2%2Fcategories&post=23"},{"taxonomy":"post_tag","embeddable":true,"href":"https:\/\/www.erdokovesd.hu\/index.php?rest_route=%2Fwp%2Fv2%2Ftags&post=23"}],"curies":[{"name":"wp","href":"https:\/\/api.w.org\/{rel}","templated":true}]}}