{"id":35,"date":"2018-11-11T10:52:24","date_gmt":"2018-11-11T10:52:24","guid":{"rendered":"http:\/\/www.petervasara.hu\/erdokovesd\/?p=35"},"modified":"2018-11-14T09:23:48","modified_gmt":"2018-11-14T09:23:48","slug":"erdokovesdert-kozalapitvany","status":"publish","type":"post","link":"https:\/\/www.erdokovesd.hu\/?p=35","title":{"rendered":"Erd\u0151k\u00f6vesd\u00e9rt K\u00f6zalap\u00edtv\u00e1ny"},"content":{"rendered":"<h2>&#8222;Erd\u0151k\u00f6vesd\u00e9rt&#8221; K\u00f6zalap\u00edtv\u00e1ny<\/h2>\n<p>Az &#8222;Erd\u0151k\u00f6vesd\u00e9rt&#8221; K\u00f6zalap\u00edtv\u00e1ny 1999. \u00e9vt\u0151l szolg\u00e1lja a k\u00f6zs\u00e9g fejleszt\u00e9s\u00e9t, kultur\u00e1lis \u00f6r\u00f6ks\u00e9g\u00e9nek \u00e9s term\u00e9szeti \u00e9rt\u00e9keinek meg\u00f3v\u00e1s\u00e1t, valamint a m\u0171vel\u0151d\u00e9si, sport \u00e9s szabadid\u0151s programok megval\u00f3sul\u00e1s\u00e1t.<\/p>\n<p>Az alap\u00edtv\u00e1ny vagyon\u00e1t kezel\u0151 kurat\u00f3rium eln\u00f6ke: Kecsk\u00e9sn\u00e9 Nagy No\u00e9mi.<br \/>\nA kurat\u00f3rium tagjai: Bocsi Csab\u00e1n\u00e9, Czenthe Huba, P\u00e1lfi Zolt\u00e1n, Ipacsn\u00e9 Majoros Enik\u0151.<br \/>\nMinden d\u00edjaz\u00e1s n\u00e9lk\u00fcl v\u00e9gzik munk\u00e1jukat a falu k\u00f6z\u00f6ss\u00e9g\u00e9nek \u00e9rdek\u00e9ben.<\/p>\n<p>A kurat\u00f3rium az alap\u00edt\u00f3 okiratban meghat\u00e1rozott c\u00e9loknak megfelel\u0151en ny\u00fajt t\u00e1mogat\u00e1st a beny\u00fajtott k\u00e9relmek alapj\u00e1n.<\/p>\n<ul>\n<li id=\"first\">Imm\u00e1ron hatodik \u00e9ve t\u00e1mogatjuk a tizenn\u00e9gy \u00e9v alatti erd\u0151k\u00f6vesdi gyermekek \u00fasz\u00e1s tanfolyamon val\u00f3 r\u00e9szv\u00e9tel\u00e9t. Fontos, hogy min\u00e9l fiatalabb korban elkezdj\u00fck az eg\u00e9szs\u00e9ges \u00e9letm\u00f3d megszerettet\u00e9s\u00e9t az ifj\u00fas\u00e1ggal.<\/li>\n<li>Nemzeti \u00fcnnepeink tisztelet\u00e9re rendezett megeml\u00e9kez\u00e9sek, kultur\u00e1lis m\u0171sorok lebonyol\u00edt\u00e1s\u00e1hoz minden \u00e9vben hozz\u00e1j\u00e1rultunk.<\/li>\n<li>Az alap\u00edtv\u00e1ny seg\u00edts\u00e9g\u00e9vel siker\u00fclt vissza\u00e1ll\u00edtani a B\u00fcd\u00f6s-k\u00fati t\u00f3 kir\u00e1ndul\u00f3hely eredeti \u00e1llapot\u00e1t, fejleszt\u00e9s\u00e9hez \u00e9s folyamatos karbantart\u00e1s\u00e1hoz is seg\u00edts\u00e9get ny\u00fajtunk. A gy\u00f6ny\u00f6r\u0171 term\u00e9szeti k\u00f6rnyezetben l\u00e9v\u0151 hely a falu lakoss\u00e1g\u00e1nak kikapcsol\u00f3d\u00e1s\u00e1hoz, sportol\u00e1s\u00e1hoz ny\u00fajt kultur\u00e1lt, sz\u00e9p teret. Sz\u00edvesen j\u00e1r ide a falu apraja-nagyja, nemcsak pihenni, hanem az \u00e1llagmeg\u0151rz\u00e9s\u00e9ben is tev\u00e9kenyen r\u00e9szt vesz.<\/li>\n<li>A falunapok sz\u00ednvonal\u00e1nak emel\u00e9s\u00e9t szt\u00e1rvend\u00e9gek megh\u00edv\u00e1s\u00e1val seg\u00edtj\u00fck, amely \u00e9vr\u0151l \u00e9vre nagy sikert arat a falu lakoss\u00e1g\u00e1nak k\u00f6r\u00e9ben.<\/li>\n<li>A k\u00f6zs\u00e9g\u00fcnkben m\u0171k\u00f6d\u0151 oktat\u00e1si int\u00e9zm\u00e9nyekben foly\u00f3 munka t\u00e1mogat\u00e1s\u00e1t is fontosnak tartja az alap\u00edtv\u00e1ny. A helyi \u00f3voda \u00e9s iskola r\u00e9sz\u00e9re j\u00e1t\u00e9kokat, k\u00e9szs\u00e9gfejleszt\u0151 eszk\u00f6z\u00f6ket v\u00e1s\u00e1rolt, illetve t\u00e1mogatta a gyermekek sz\u00ednh\u00e1zl\u00e1togat\u00e1s\u00e1t \u00e9s kir\u00e1ndul\u00e1sait. Sz\u00edvmelenget\u0151 a gyermekek \u00f6r\u00f6m\u00e9t l\u00e1tni, amikor j\u00e1tszanak a fejleszt\u0151 j\u00e1t\u00e9kokkal, vagy l\u00e9legzetvisszafojtva figyelnek egy b\u00e1bel\u0151ad\u00e1st.<\/li>\n<li>A Nyugd\u00edjas Egyes\u00fclet \u00e9s a Polg\u00e1r\u0151r Egyes\u00fclet is r\u00e9szes\u00fclt m\u00e1r t\u00e1mogat\u00e1sban. Fontos, hogy a helyi civil szervezetek k\u00f6z\u00f6s programokon vegyenek r\u00e9szt, \u00f6sszefogj\u00e1k a falu lakoss\u00e1g\u00e1t.<\/li>\n<li>A telep\u00fcl\u00e9s\u00fcnk\u00f6n mind\u00f6ssze k\u00e9t m\u0171eml\u00e9k\u00e9p\u00fclet tal\u00e1lhat\u00f3, az egyik az 1700-as \u00e9vek m\u00e1sodik fel\u00e9ben \u00e9p\u00fclt barokk st\u00edlus\u00fa r\u00f3mai katolikus templom, melynek fel\u00faj\u00edt\u00e1s\u00e1t, \u00e1llagmeg\u00f3v\u00e1s\u00e1t szint\u00e9n t\u00f6bb alkalommal seg\u00edtette az alap\u00edtv\u00e1ny.<\/li>\n<\/ul>\n<p>Az alap\u00edtv\u00e1ny jelent\u0151s t\u00e1mogat\u00e1st 2002-t\u0151l kap folyamatosan, ugyanis h\u00e1rom \u00f6nkorm\u00e1nyzati k\u00e9pvisel\u0151 &#8211; Elek Gyul\u00e1n\u00e9, P\u00e1lfi Zolt\u00e1n \u00e9s n\u00e9hai Tar Zolt\u00e1n &#8211; egy\u00e1ltal\u00e1n nem veszi (vette) fel tiszteletd\u00edj\u00e1t az \u00f6nkorm\u00e1nyzatt\u00f3l, ez\u00e9rt annak teljes \u00f6sszeg\u00e9t, 6 milli\u00f3 420 ezer forintot az alap\u00edtv\u00e1ny kapta meg. 2010. \u00e9vt\u0151l Gomb\u00e1s Dezs\u0151n\u00e9, Zagyva B\u00e9l\u00e1n\u00e9 \u00e9s Telek Bal\u00e1zs teljes, Nagy P\u00e9ter pedig fele tiszteletd\u00edj\u00e1t aj\u00e1nlotta fel az alap\u00edtv\u00e1nynak.<\/p>\n<p class=\"italic\">Az &#8222;Erd\u0151k\u00f6vesd\u00e9rt&#8221; K\u00f6zalap\u00edtv\u00e1nyhoz <span style=\"text-decoration: underline;\"><strong>2002-2009-ig 920 593 Ft \u00e9rkezett a szem\u00e9lyi j\u00f6vedelemad\u00f3 1%-\u00e1nak \u00e1tad\u00e1s\u00e1b\u00f3l, amelyet ez\u00faton is szeretn\u00e9nk megk\u00f6sz\u00f6nni minden tisztelt felaj\u00e1nl\u00f3nak.<\/strong><\/span><\/p>\n<hr \/>\n<p class=\"italic\"><strong>K\u00e9rj\u00fck, hogy szem\u00e9lyi j\u00f6vedelemad\u00f3ja 1%-\u00e1nak felaj\u00e1nl\u00e1s\u00e1val tov\u00e1bbra is t\u00e1mogassa Erd\u0151k\u00f6vesd k\u00f6z\u00f6ss\u00e9gi c\u00e9ljait.<\/strong><\/p>\n<p class=\"italic\">&#8222;Erd\u0151k\u00f6vesd\u00e9rt&#8221; K\u00f6zalap\u00edtv\u00e1ny kurat\u00f3riuma<br \/>\nAd\u00f3sz\u00e1m: 18580923-1-10<br \/>\nSz\u00e1mlasz\u00e1m: 62800314-10007613<br \/>\n(Eger \u00e9s K\u00f6rny\u00e9ke Takar\u00e9ksz\u00f6vetkezet)<\/p>\n<ul>\n<li><a href=\"http:\/\/www.erdokovesd.hu\/wp-content\/uploads\/2018\/11\/alapito_okirat.pdf\">Alap\u00edt\u00f3 okirat<\/a><\/li>\n<li><a href=\"http:\/\/www.erdokovesd.hu\/wp-content\/uploads\/2018\/11\/alapito_okirat_mod.pdf\">Alap\u00edt\u00f3 okirat (m\u00f3dos\u00edt\u00e1s)<\/a><\/li>\n<li><a href=\"http:\/\/www.erdokovesd.hu\/wp-content\/uploads\/2018\/11\/hatarozatok2008.doc\">Hat\u00e1rozatok 2008<\/a><\/li>\n<li><a href=\"http:\/\/www.erdokovesd.hu\/wp-content\/uploads\/2018\/11\/hatarozatok2009.doc\">Hat\u00e1rozatok 2009<\/a><\/li>\n<li><a href=\"http:\/\/www.erdokovesd.hu\/wp-content\/uploads\/2018\/11\/kivonat.pdf\">Erd\u0151k\u00f6vesd K\u00f6zs\u00e9g \u00d6nkorm\u00e1nyzat\u00e1nak 77\/2007 (IX.11.) hat\u00e1rozata<\/a><\/li>\n<\/ul>\n","protected":false},"excerpt":{"rendered":"<p>&#8222;Erd\u0151k\u00f6vesd\u00e9rt&#8221; K\u00f6zalap\u00edtv\u00e1ny Az &#8222;Erd\u0151k\u00f6vesd\u00e9rt&#8221; K\u00f6zalap\u00edtv\u00e1ny 1999. \u00e9vt\u0151l szolg\u00e1lja a k\u00f6zs\u00e9g fejleszt\u00e9s\u00e9t, kultur\u00e1lis \u00f6r\u00f6ks\u00e9g\u00e9nek \u00e9s term\u00e9szeti \u00e9rt\u00e9keinek meg\u00f3v\u00e1s\u00e1t, valamint a m\u0171vel\u0151d\u00e9si, sport \u00e9s szabadid\u0151s programok megval\u00f3sul\u00e1s\u00e1t. Az alap\u00edtv\u00e1ny vagyon\u00e1t kezel\u0151 kurat\u00f3rium eln\u00f6ke: Kecsk\u00e9sn\u00e9 Nagy No\u00e9mi.&#46;&#46;&#46;<\/p>\n","protected":false},"author":1,"featured_media":38,"comment_status":"closed","ping_status":"open","sticky":false,"template":"","format":"standard","meta":{"footnotes":""},"categories":[3],"tags":[7,4],"class_list":["post-35","post","type-post","status-publish","format-standard","has-post-thumbnail","hentry","category-erdokovesd","tag-civil","tag-informacio"],"_links":{"self":[{"href":"https:\/\/www.erdokovesd.hu\/index.php?rest_route=\/wp\/v2\/posts\/35","targetHints":{"allow":["GET"]}}],"collection":[{"href":"https:\/\/www.erdokovesd.hu\/index.php?rest_route=\/wp\/v2\/posts"}],"about":[{"href":"https:\/\/www.erdokovesd.hu\/index.php?rest_route=\/wp\/v2\/types\/post"}],"author":[{"embeddable":true,"href":"https:\/\/www.erdokovesd.hu\/index.php?rest_route=\/wp\/v2\/users\/1"}],"replies":[{"embeddable":true,"href":"https:\/\/www.erdokovesd.hu\/index.php?rest_route=%2Fwp%2Fv2%2Fcomments&post=35"}],"version-history":[{"count":4,"href":"https:\/\/www.erdokovesd.hu\/index.php?rest_route=\/wp\/v2\/posts\/35\/revisions"}],"predecessor-version":[{"id":129,"href":"https:\/\/www.erdokovesd.hu\/index.php?rest_route=\/wp\/v2\/posts\/35\/revisions\/129"}],"wp:featuredmedia":[{"embeddable":true,"href":"https:\/\/www.erdokovesd.hu\/index.php?rest_route=\/wp\/v2\/media\/38"}],"wp:attachment":[{"href":"https:\/\/www.erdokovesd.hu\/index.php?rest_route=%2Fwp%2Fv2%2Fmedia&parent=35"}],"wp:term":[{"taxonomy":"category","embeddable":true,"href":"https:\/\/www.erdokovesd.hu\/index.php?rest_route=%2Fwp%2Fv2%2Fcategories&post=35"},{"taxonomy":"post_tag","embeddable":true,"href":"https:\/\/www.erdokovesd.hu\/index.php?rest_route=%2Fwp%2Fv2%2Ftags&post=35"}],"curies":[{"name":"wp","href":"https:\/\/api.w.org\/{rel}","templated":true}]}}