{"id":395,"date":"2019-02-12T09:16:45","date_gmt":"2019-02-12T09:16:45","guid":{"rendered":"http:\/\/www.erdokovesd.hu\/?p=395"},"modified":"2019-02-12T09:16:47","modified_gmt":"2019-02-12T09:16:47","slug":"hatarozat-kepviselo-testuleti-tagok-szamarol","status":"publish","type":"post","link":"https:\/\/www.erdokovesd.hu\/?p=395","title":{"rendered":"Hat\u00e1rozat k\u00e9pvisel\u0151 test\u00fcleti tagok sz\u00e1m\u00e1r\u00f3l"},"content":{"rendered":"\n<p>Mint Erd\u0151k\u00f6vesd K\u00f6zs\u00e9g Helyi V\u00e1laszt\u00e1si Iroda Vezet\u0151je a helyi  \u00f6nkorm\u00e1nyzati k\u00e9pvisel\u0151k \u00e9s polg\u00e1rmesterek v\u00e1laszt\u00e1s\u00e1r\u00f3l sz\u00f3l\u00f3 2010. \u00e9vi  L. t\u00f6rv\u00e9ny (a tov\u00e1bbiakban: \u00d6vjt.) 3. \u00a7-a, illetve a v\u00e1laszt\u00e1si  elj\u00e1r\u00e1sr\u00f3l sz\u00f3l\u00f3 2013. \u00e9vi XXXVI. t\u00f6rv\u00e9ny (a tov\u00e1bbiakban: Ve.) 306. \u00a7  (2) bekezd\u00e9s\u00e9nek felhatalmaz\u00e1sa alapj\u00e1n P\u00e9terv\u00e1s\u00e1ra v\u00e1rosban a  k\u00e9pvisel\u0151-test\u00fclet tagjainak sz\u00e1m\u00e1r\u00f3l az al\u00e1bbi hat\u00e1rozatot hozom:<\/p>\n\n\n\n<p><strong>Erd\u0151k\u00f6vesd K\u00f6zs\u00e9g \u00d6nkorm\u00e1nyzat K\u00e9pvisel\u0151-test\u00fclete k\u00e9pvisel\u0151 tagjainak sz\u00e1m\u00e1t a telep\u00fcl\u00e9s lakoss\u00e1gsz\u00e1ma alapj\u00e1n az al\u00e1bbiakban hat\u00e1rozom meg: A k\u00e9pvisel\u0151-test\u00fclet megv\u00e1lasztand\u00f3 tagjainak sz\u00e1ma: 4 f\u0151 k\u00e9pvisel\u0151 \u00e9s 1 f\u0151 polg\u00e1rmester.<\/strong><\/p>\n\n\n\n<div class=\"wp-block-file\"><a href=\"http:\/\/www.erdokovesd.hu\/wp-content\/uploads\/2019\/02\/Erd\u0151k\u00f6vesd-K\u00e9povisel\u0151-test\u00fclet-tagjai-sz\u00e1m\u00e1nak-meg\u00e1llap\u00edt\u00e1sa.pdf\">Erd\u0151k\u00f6vesd K\u00e9pvisel\u0151-test\u00fclet tagjai sz\u00e1m\u00e1nak meg\u00e1llap\u00edt\u00e1sa<\/a><a href=\"http:\/\/www.erdokovesd.hu\/wp-content\/uploads\/2019\/02\/Erd\u0151k\u00f6vesd-K\u00e9povisel\u0151-test\u00fclet-tagjai-sz\u00e1m\u00e1nak-meg\u00e1llap\u00edt\u00e1sa.pdf\" class=\"wp-block-file__button\" download>Let\u00f6lt\u00e9s<\/a><\/div>\n\n\n\n<div class=\"wp-block-file\"><a href=\"http:\/\/www.erdokovesd.hu\/wp-content\/uploads\/2019\/02\/Erd\u0151k\u00f6vesd-szavaz\u00f3k\u00f6r\u00e9nek-meg\u00e1llap\u00edt\u00e1sa.pdf\">Erd\u0151k\u00f6vesd szavaz\u00f3k\u00f6r\u00e9nek meg\u00e1llap\u00edt\u00e1sa<\/a><a href=\"http:\/\/www.erdokovesd.hu\/wp-content\/uploads\/2019\/02\/Erd\u0151k\u00f6vesd-szavaz\u00f3k\u00f6r\u00e9nek-meg\u00e1llap\u00edt\u00e1sa.pdf\" class=\"wp-block-file__button\" download>Let\u00f6lt\u00e9s<\/a><\/div>\n","protected":false},"excerpt":{"rendered":"<p>Mint Erd\u0151k\u00f6vesd K\u00f6zs\u00e9g Helyi V\u00e1laszt\u00e1si Iroda Vezet\u0151je a helyi \u00f6nkorm\u00e1nyzati k\u00e9pvisel\u0151k \u00e9s polg\u00e1rmesterek v\u00e1laszt\u00e1s\u00e1r\u00f3l sz\u00f3l\u00f3 2010. \u00e9vi L. t\u00f6rv\u00e9ny (a tov\u00e1bbiakban: \u00d6vjt.) 3. \u00a7-a, illetve a v\u00e1laszt\u00e1si elj\u00e1r\u00e1sr\u00f3l sz\u00f3l\u00f3 2013. \u00e9vi XXXVI. t\u00f6rv\u00e9ny (a&#46;&#46;&#46;<\/p>\n","protected":false},"author":1,"featured_media":398,"comment_status":"closed","ping_status":"open","sticky":false,"template":"","format":"standard","meta":{"footnotes":""},"categories":[17,20],"tags":[],"class_list":["post-395","post","type-post","status-publish","format-standard","has-post-thumbnail","hentry","category-hirek","category-valasztas-2019"],"_links":{"self":[{"href":"https:\/\/www.erdokovesd.hu\/index.php?rest_route=\/wp\/v2\/posts\/395","targetHints":{"allow":["GET"]}}],"collection":[{"href":"https:\/\/www.erdokovesd.hu\/index.php?rest_route=\/wp\/v2\/posts"}],"about":[{"href":"https:\/\/www.erdokovesd.hu\/index.php?rest_route=\/wp\/v2\/types\/post"}],"author":[{"embeddable":true,"href":"https:\/\/www.erdokovesd.hu\/index.php?rest_route=\/wp\/v2\/users\/1"}],"replies":[{"embeddable":true,"href":"https:\/\/www.erdokovesd.hu\/index.php?rest_route=%2Fwp%2Fv2%2Fcomments&post=395"}],"version-history":[{"count":1,"href":"https:\/\/www.erdokovesd.hu\/index.php?rest_route=\/wp\/v2\/posts\/395\/revisions"}],"predecessor-version":[{"id":399,"href":"https:\/\/www.erdokovesd.hu\/index.php?rest_route=\/wp\/v2\/posts\/395\/revisions\/399"}],"wp:featuredmedia":[{"embeddable":true,"href":"https:\/\/www.erdokovesd.hu\/index.php?rest_route=\/wp\/v2\/media\/398"}],"wp:attachment":[{"href":"https:\/\/www.erdokovesd.hu\/index.php?rest_route=%2Fwp%2Fv2%2Fmedia&parent=395"}],"wp:term":[{"taxonomy":"category","embeddable":true,"href":"https:\/\/www.erdokovesd.hu\/index.php?rest_route=%2Fwp%2Fv2%2Fcategories&post=395"},{"taxonomy":"post_tag","embeddable":true,"href":"https:\/\/www.erdokovesd.hu\/index.php?rest_route=%2Fwp%2Fv2%2Ftags&post=395"}],"curies":[{"name":"wp","href":"https:\/\/api.w.org\/{rel}","templated":true}]}}