{"id":496,"date":"2019-05-10T09:22:00","date_gmt":"2019-05-10T09:22:00","guid":{"rendered":"http:\/\/www.erdokovesd.hu\/?p=496"},"modified":"2024-12-16T11:30:57","modified_gmt":"2024-12-16T11:30:57","slug":"az-erdokovesdi-onkormanyzati-hivatal-es-muvelodesi-haz-epuletenek-energetikai-korszerusitese","status":"publish","type":"post","link":"https:\/\/www.erdokovesd.hu\/?p=496","title":{"rendered":"Az Erd\u0151k\u00f6vesdi \u00d6nkorm\u00e1nyzati Hivatal \u00e9s M\u0171vel\u0151d\u00e9si H\u00e1z \u00e9p\u00fclet\u00e9nek energetikai korszer\u0171s\u00edt\u00e9se"},"content":{"rendered":"\n<p>Projekt c\u00edme: Az Erd\u0151k\u00f6vesdi \u00d6nkorm\u00e1nyzati Hivatal \u00e9s M\u0171vel\u0151d\u00e9si H\u00e1z \u00e9p\u00fclet\u00e9nek energetikai korszer\u0171s\u00edt\u00e9se<\/p>\n\n\n\n<p>Projekt azonos\u00edt\u00f3sz\u00e1m: TOP-3.2.1-16-HE1-2017-00003<\/p>\n\n\n\n<p>A szerz\u0151d\u00f6tt t\u00e1mogat\u00e1s \u00f6sszege: 90.500.000 Ft<\/p>\n\n\n\n<p>A\n projekt megval\u00f3s\u00edt\u00e1s\u00e1nak sz\u00fcks\u00e9gess\u00e9g\u00e9t az \u00f6nkorm\u00e1nyzati \u00e9p\u00fclet \nhat\u00e9konyabb energiahaszn\u00e1lat\u00e1nak, racion\u00e1lisabb energiagazd\u00e1lkod\u00e1s\u00e1nak \nel\u00e9r\u00e9se indokolja. A fejleszt\u00e9snek k\u00f6sz\u00f6nhet\u0151en nem csak az \u00e9p\u00fclet \nenergetikai mutat\u00f3i javulnak jelent\u0151sen, hanem a telep\u00fcl\u00e9sk\u00e9p \nmeg\u00faj\u00edt\u00e1s\u00e1ban, moderniz\u00e1l\u00e1s\u00e1ban is el\u0151rel\u00e9p\u00e9s t\u00f6rt\u00e9nik. A projekt c\u00e9lja a\n 100%-ban \u00f6nkorm\u00e1nyzati tulajdonban l\u00e9v\u0151 \u00e9p\u00fclet (\u00f6nkorm\u00e1nyzati hivatal \n\u00e9s m\u0171vel\u0151d\u00e9si h\u00e1z) energiahat\u00e9konys\u00e1got c\u00e9lz\u00f3 fel\u00faj\u00edt\u00e1s\u00e1nak \u00e9s \nfejleszt\u00e9s\u00e9nek megval\u00f3s\u00edt\u00e1sa, mely a fosszilis energiahordoz\u00f3kb\u00f3l \nsz\u00e1rmaz\u00f3 \u00fcvegh\u00e1zhat\u00e1s\u00fa g\u00e1zok kibocs\u00e1t\u00e1s\u00e1nak cs\u00f6kkent\u00e9s\u00e9t szolg\u00e1lja.<\/p>\n\n\n\n<p>A fejleszt\u00e9s tartalma:<\/p>\n\n\n\n<p>\u2022 k\u00fcls\u0151 falak h\u0151szigetel\u00e9se<\/p>\n\n\n\n<p>\u2022  akad\u00e1lymentes\u00edt\u00e9si szempontok alapj\u00e1n ny\u00edl\u00e1sz\u00e1r\u00f3k cser\u00e9je \u00faj, m\u0171anyag  keretszerkezet\u0171, h\u0151szigetel\u0151 \u00fcvegez\u00e9s\u0171 ablakokra \u00e9s ajt\u00f3kra;<\/p>\n\n\n\n<p>\u2022 tet\u0151 h\u0151szigetel\u00e9se<\/p>\n\n\n\n<p>\u2022\n f\u0171t\u00e9si rendszer: megl\u00e9v\u0151 g\u00e1zkaz\u00e1n \u00e9s g\u00e1zkonvektorok elbont\u00e1sa, hely\u00fckre\n k\u00f6zponti biomassza kaz\u00e1n valamint a h\u0151lead\u00f3i oldalra termosztatikus \nszeleppel ell\u00e1tott ac\u00e9llemez lapradi\u00e1torok ker\u00fclnek; <\/p>\n\n\n\n<p>\u2022 napelemes rendszer ki\u00e9p\u00edt\u00e9se <\/p>\n\n\n\n<p>\u2022 projektar\u00e1nyos akad\u00e1lymentes\u00edt\u00e9s<\/p>\n\n\n\n<p>A projekt fizikai befejez\u00e9se 2020.02.29.<\/p>\n\n\n\n<figure class=\"wp-block-image size-large\"><img decoding=\"async\" width=\"1024\" height=\"768\" src=\"http:\/\/www.erdokovesd.hu\/wp-content\/uploads\/2024\/12\/Ekmh3-1024x768.jpg\" alt=\"\" class=\"wp-image-1045\" srcset=\"https:\/\/www.erdokovesd.hu\/wp-content\/uploads\/2024\/12\/Ekmh3-1024x768.jpg 1024w, https:\/\/www.erdokovesd.hu\/wp-content\/uploads\/2024\/12\/Ekmh3-300x225.jpg 300w, https:\/\/www.erdokovesd.hu\/wp-content\/uploads\/2024\/12\/Ekmh3-768x576.jpg 768w, https:\/\/www.erdokovesd.hu\/wp-content\/uploads\/2024\/12\/Ekmh3.jpg 1280w\" sizes=\"(max-width: 1024px) 100vw, 1024px\" \/><\/figure>\n\n\n\n<figure class=\"wp-block-image size-large\"><img decoding=\"async\" width=\"1024\" height=\"768\" src=\"http:\/\/www.erdokovesd.hu\/wp-content\/uploads\/2024\/12\/Ekmh2-1024x768.jpg\" alt=\"\" class=\"wp-image-1046\" srcset=\"https:\/\/www.erdokovesd.hu\/wp-content\/uploads\/2024\/12\/Ekmh2-1024x768.jpg 1024w, https:\/\/www.erdokovesd.hu\/wp-content\/uploads\/2024\/12\/Ekmh2-300x225.jpg 300w, https:\/\/www.erdokovesd.hu\/wp-content\/uploads\/2024\/12\/Ekmh2-768x576.jpg 768w, https:\/\/www.erdokovesd.hu\/wp-content\/uploads\/2024\/12\/Ekmh2-1536x1152.jpg 1536w, https:\/\/www.erdokovesd.hu\/wp-content\/uploads\/2024\/12\/Ekmh2.jpg 2000w\" sizes=\"(max-width: 1024px) 100vw, 1024px\" \/><\/figure>\n\n\n\n<figure class=\"wp-block-image size-large\"><img decoding=\"async\" width=\"1024\" height=\"768\" src=\"http:\/\/www.erdokovesd.hu\/wp-content\/uploads\/2024\/12\/Ekmh4-1024x768.jpg\" alt=\"\" class=\"wp-image-1044\" srcset=\"https:\/\/www.erdokovesd.hu\/wp-content\/uploads\/2024\/12\/Ekmh4-1024x768.jpg 1024w, https:\/\/www.erdokovesd.hu\/wp-content\/uploads\/2024\/12\/Ekmh4-300x225.jpg 300w, https:\/\/www.erdokovesd.hu\/wp-content\/uploads\/2024\/12\/Ekmh4-768x576.jpg 768w, https:\/\/www.erdokovesd.hu\/wp-content\/uploads\/2024\/12\/Ekmh4.jpg 1280w\" sizes=\"(max-width: 1024px) 100vw, 1024px\" \/><\/figure>\n\n\n<div class=\"wp-block-image\">\n<figure class=\"alignright is-resized\"><img decoding=\"async\" width=\"1024\" height=\"708\" src=\"http:\/\/www.erdokovesd.hu\/wp-content\/uploads\/2019\/05\/infoblokk_kedv_final_felso_cmyk_ERFA-1024x708.jpg\" alt=\"\" class=\"wp-image-521\" style=\"width:321px;height:222px\" srcset=\"https:\/\/www.erdokovesd.hu\/wp-content\/uploads\/2019\/05\/infoblokk_kedv_final_felso_cmyk_ERFA-1024x708.jpg 1024w, https:\/\/www.erdokovesd.hu\/wp-content\/uploads\/2019\/05\/infoblokk_kedv_final_felso_cmyk_ERFA-300x207.jpg 300w, https:\/\/www.erdokovesd.hu\/wp-content\/uploads\/2019\/05\/infoblokk_kedv_final_felso_cmyk_ERFA-768x531.jpg 768w, https:\/\/www.erdokovesd.hu\/wp-content\/uploads\/2019\/05\/infoblokk_kedv_final_felso_cmyk_ERFA.jpg 1453w\" sizes=\"(max-width: 1024px) 100vw, 1024px\" \/><\/figure><\/div>","protected":false},"excerpt":{"rendered":"<p>Projekt c\u00edme: Az Erd\u0151k\u00f6vesdi \u00d6nkorm\u00e1nyzati Hivatal \u00e9s M\u0171vel\u0151d\u00e9si H\u00e1z \u00e9p\u00fclet\u00e9nek energetikai korszer\u0171s\u00edt\u00e9se Projekt azonos\u00edt\u00f3sz\u00e1m: TOP-3.2.1-16-HE1-2017-00003 A szerz\u0151d\u00f6tt t\u00e1mogat\u00e1s \u00f6sszege: 90.500.000 Ft A projekt megval\u00f3s\u00edt\u00e1s\u00e1nak sz\u00fcks\u00e9gess\u00e9g\u00e9t az \u00f6nkorm\u00e1nyzati \u00e9p\u00fclet hat\u00e9konyabb energiahaszn\u00e1lat\u00e1nak, racion\u00e1lisabb energiagazd\u00e1lkod\u00e1s\u00e1nak el\u00e9r\u00e9se indokolja.&#46;&#46;&#46;<\/p>\n","protected":false},"author":1,"featured_media":497,"comment_status":"closed","ping_status":"open","sticky":false,"template":"","format":"standard","meta":{"footnotes":""},"categories":[62,9],"tags":[12],"class_list":["post-496","post","type-post","status-publish","format-standard","has-post-thumbnail","hentry","category-energetika","category-palyazat","tag-onkormanyzat"],"_links":{"self":[{"href":"https:\/\/www.erdokovesd.hu\/index.php?rest_route=\/wp\/v2\/posts\/496","targetHints":{"allow":["GET"]}}],"collection":[{"href":"https:\/\/www.erdokovesd.hu\/index.php?rest_route=\/wp\/v2\/posts"}],"about":[{"href":"https:\/\/www.erdokovesd.hu\/index.php?rest_route=\/wp\/v2\/types\/post"}],"author":[{"embeddable":true,"href":"https:\/\/www.erdokovesd.hu\/index.php?rest_route=\/wp\/v2\/users\/1"}],"replies":[{"embeddable":true,"href":"https:\/\/www.erdokovesd.hu\/index.php?rest_route=%2Fwp%2Fv2%2Fcomments&post=496"}],"version-history":[{"count":6,"href":"https:\/\/www.erdokovesd.hu\/index.php?rest_route=\/wp\/v2\/posts\/496\/revisions"}],"predecessor-version":[{"id":1050,"href":"https:\/\/www.erdokovesd.hu\/index.php?rest_route=\/wp\/v2\/posts\/496\/revisions\/1050"}],"wp:featuredmedia":[{"embeddable":true,"href":"https:\/\/www.erdokovesd.hu\/index.php?rest_route=\/wp\/v2\/media\/497"}],"wp:attachment":[{"href":"https:\/\/www.erdokovesd.hu\/index.php?rest_route=%2Fwp%2Fv2%2Fmedia&parent=496"}],"wp:term":[{"taxonomy":"category","embeddable":true,"href":"https:\/\/www.erdokovesd.hu\/index.php?rest_route=%2Fwp%2Fv2%2Fcategories&post=496"},{"taxonomy":"post_tag","embeddable":true,"href":"https:\/\/www.erdokovesd.hu\/index.php?rest_route=%2Fwp%2Fv2%2Ftags&post=496"}],"curies":[{"name":"wp","href":"https:\/\/api.w.org\/{rel}","templated":true}]}}