{"id":533,"date":"2019-08-06T12:41:08","date_gmt":"2019-08-06T12:41:08","guid":{"rendered":"http:\/\/www.erdokovesd.hu\/?p=533"},"modified":"2019-08-07T10:41:56","modified_gmt":"2019-08-07T10:41:56","slug":"erdokovesdiek-talalkozoja-2019","status":"publish","type":"post","link":"https:\/\/www.erdokovesd.hu\/?p=533","title":{"rendered":"Erd\u0151k\u00f6vesdiek tal\u00e1lkoz\u00f3ja 2019."},"content":{"rendered":"\n<p style=\"text-align:center\"><strong>Megh\u00edv\u00f3<\/strong><br>Sok szeretettel megh\u00edvjuk a tisztelt lakoss\u00e1got a &nbsp;megrendez\u00e9sre ker\u00fcl\u0151:<br><strong>Erd\u0151k\u00f6vesdiek tal\u00e1lkoz\u00f3j\u00e1ra<\/strong><\/p>\n\n\n\n<p><strong><em>Helysz\u00edn:<\/em><\/strong><em> Faluk\u00f6zpont<\/em><br><em>(Kanada-h\u00e1z udvara)<\/em><\/p>\n\n\n\n<p><strong>Programok: <\/strong><br><strong>2019. augusztus 17. (szombat)<\/strong><br>16:30 M\u00e1trix koncert<br><strong>19:00 Dolly Plussz koncert<\/strong><\/p>\n\n\n\n<figure class=\"wp-block-image\"><img decoding=\"async\" width=\"1024\" height=\"768\" src=\"http:\/\/www.erdokovesd.hu\/wp-content\/uploads\/2019\/08\/Dolly_Plusssz_uj-1024x768.jpg\" alt=\"\" class=\"wp-image-538\" srcset=\"https:\/\/www.erdokovesd.hu\/wp-content\/uploads\/2019\/08\/Dolly_Plusssz_uj-1024x768.jpg 1024w, https:\/\/www.erdokovesd.hu\/wp-content\/uploads\/2019\/08\/Dolly_Plusssz_uj-300x225.jpg 300w, https:\/\/www.erdokovesd.hu\/wp-content\/uploads\/2019\/08\/Dolly_Plusssz_uj-768x576.jpg 768w, https:\/\/www.erdokovesd.hu\/wp-content\/uploads\/2019\/08\/Dolly_Plusssz_uj.jpg 1066w\" sizes=\"(max-width: 1024px) 100vw, 1024px\" \/><\/figure>\n\n\n\n<p><strong>2019. augusztus 18. (vas\u00e1rnap)<\/strong><br><strong>10:30<\/strong> Szentmise Erd\u0151k\u00f6vesd\u00e9rt, az erd\u0151k\u00f6vesdi r\u00f3mai katolikus templomban<br><strong>13:30 Vit\u00e9z Major Ferenc verse<\/strong><br>Megnyit\u00f3<br>Hagyom\u00e1ny\u0151rz\u0151 csoportok<br>Erd\u0151k\u00f6vesdi Nefelejcs \u00e9nekkar <br>Ez\u00fcstvir\u00e1g Nyugd\u00edjas Klub \/Tarnalelesz\/<br>Egercsehi asszonyk\u00f3rus <br>Bodonyi Kenderszer N\u00e9pt\u00e1ncegy\u00fcttes <br>Nemzeti \u00a0m\u0171sor <br>Szelle Szil\u00e1rd \u00e9s Poly\u00e1k Rita m\u0171sora<br>Pom-Pom Fam\u00edlia \u2013 Mulass vel\u00fcnk<br>Domah\u00e1zi Hagyom\u00e1ny\u0151rz\u0151 Egyes\u00fclet<br>Tombola<br><strong>20:00<\/strong> Esti t\u00e1ncos \u2013 zen\u00e9s mulats\u00e1g a Buli Bt-vel<br><strong>K\u00eds\u00e9r\u0151 programok<\/strong>: J\u00e1t\u00e9kok, aj\u00e1nd\u00e9kt\u00e1rgyak, \u00e9dess\u00e9gek \u00e1rus\u00edt\u00e1sa, helyi term\u00e9kek bemutat\u00e1sa, \u00e1rus\u00edt\u00e1s, B\u00fcf\u00e9\u00a0\u00a0\u00a0\u00a0\u00a0\u00a0\u00a0\u00a0\u00a0\u00a0\u00a0\u00a0\u00a0\u00a0\u00a0\u00a0\u00a0\u00a0\u00a0 <\/p>\n\n\n\n<p><strong><em>J\u00f3 sz\u00f3rakoz\u00e1st k\u00edv\u00e1n: <\/em><\/strong><\/p>\n\n\n\n<p><em>Erd\u0151k\u00f6vesd K\u00f6zs\u00e9g \u00d6nkorm\u00e1nyzata!<\/em><\/p>\n\n\n\n<div class=\"wp-block-file\"><a href=\"http:\/\/www.erdokovesd.hu\/wp-content\/uploads\/2019\/08\/plak\u00e1t1.docx\">Let\u00f6lthet\u0151 plak\u00e1t<\/a><a href=\"http:\/\/www.erdokovesd.hu\/wp-content\/uploads\/2019\/08\/plak\u00e1t1.docx\" class=\"wp-block-file__button\" download>Let\u00f6lt\u00e9s<\/a><\/div>\n","protected":false},"excerpt":{"rendered":"<p>Megh\u00edv\u00f3Sok szeretettel megh\u00edvjuk a tisztelt lakoss\u00e1got a &nbsp;megrendez\u00e9sre ker\u00fcl\u0151:Erd\u0151k\u00f6vesdiek tal\u00e1lkoz\u00f3j\u00e1ra Helysz\u00edn: Faluk\u00f6zpont(Kanada-h\u00e1z udvara) Programok: 2019. augusztus 17. (szombat)16:30 M\u00e1trix koncert19:00 Dolly Plussz koncert 2019. augusztus 18. (vas\u00e1rnap)10:30 Szentmise Erd\u0151k\u00f6vesd\u00e9rt, az erd\u0151k\u00f6vesdi r\u00f3mai katolikus templomban13:30&#46;&#46;&#46;<\/p>\n","protected":false},"author":1,"featured_media":538,"comment_status":"closed","ping_status":"open","sticky":false,"template":"","format":"standard","meta":{"footnotes":""},"categories":[17],"tags":[],"class_list":["post-533","post","type-post","status-publish","format-standard","has-post-thumbnail","hentry","category-hirek"],"_links":{"self":[{"href":"https:\/\/www.erdokovesd.hu\/index.php?rest_route=\/wp\/v2\/posts\/533","targetHints":{"allow":["GET"]}}],"collection":[{"href":"https:\/\/www.erdokovesd.hu\/index.php?rest_route=\/wp\/v2\/posts"}],"about":[{"href":"https:\/\/www.erdokovesd.hu\/index.php?rest_route=\/wp\/v2\/types\/post"}],"author":[{"embeddable":true,"href":"https:\/\/www.erdokovesd.hu\/index.php?rest_route=\/wp\/v2\/users\/1"}],"replies":[{"embeddable":true,"href":"https:\/\/www.erdokovesd.hu\/index.php?rest_route=%2Fwp%2Fv2%2Fcomments&post=533"}],"version-history":[{"count":4,"href":"https:\/\/www.erdokovesd.hu\/index.php?rest_route=\/wp\/v2\/posts\/533\/revisions"}],"predecessor-version":[{"id":541,"href":"https:\/\/www.erdokovesd.hu\/index.php?rest_route=\/wp\/v2\/posts\/533\/revisions\/541"}],"wp:featuredmedia":[{"embeddable":true,"href":"https:\/\/www.erdokovesd.hu\/index.php?rest_route=\/wp\/v2\/media\/538"}],"wp:attachment":[{"href":"https:\/\/www.erdokovesd.hu\/index.php?rest_route=%2Fwp%2Fv2%2Fmedia&parent=533"}],"wp:term":[{"taxonomy":"category","embeddable":true,"href":"https:\/\/www.erdokovesd.hu\/index.php?rest_route=%2Fwp%2Fv2%2Fcategories&post=533"},{"taxonomy":"post_tag","embeddable":true,"href":"https:\/\/www.erdokovesd.hu\/index.php?rest_route=%2Fwp%2Fv2%2Ftags&post=533"}],"curies":[{"name":"wp","href":"https:\/\/api.w.org\/{rel}","templated":true}]}}