{"id":542,"date":"2019-08-08T08:32:58","date_gmt":"2019-08-08T08:32:58","guid":{"rendered":"http:\/\/www.erdokovesd.hu\/?p=542"},"modified":"2019-09-19T11:32:53","modified_gmt":"2019-09-19T11:32:53","slug":"onkormanyzati-valasztasok-2019-ajanlasok-szama","status":"publish","type":"post","link":"https:\/\/www.erdokovesd.hu\/?p=542","title":{"rendered":"\u00d6nkorm\u00e1nyzati v\u00e1laszt\u00e1sok 2019"},"content":{"rendered":"\n<p>A 2019. \u00e9vi helyi \u00f6nkorm\u00e1nyzati k\u00e9pvisel\u0151k \u00e9s polg\u00e1rmesterek  v\u00e1laszt\u00e1s\u00e1n a polg\u00e1rmesterjel\u00f6lt \u00e1ll\u00edt\u00e1s\u00e1hoz sz\u00fcks\u00e9ges aj\u00e1nl\u00e1sok sz\u00e1ma  ERD\u0150K\u00d6VESD telep\u00fcl\u00e9sen: <strong>15 f\u0151<\/strong><\/p>\n\n\n\n<p> A 2019. \u00e9vi helyi \u00f6nkorm\u00e1nyzati k\u00e9pvisel\u0151k \u00e9s polg\u00e1rmesterek  v\u00e1laszt\u00e1s\u00e1n az egy\u00e9ni list\u00e1s jel\u00f6lt\u00e1ll\u00edt\u00e1shoz, k\u00e9pvisel\u0151 jel\u00f6lts\u00e9ghez  sz\u00fcks\u00e9ges aj\u00e1nl\u00e1sok sz\u00e1ma  ERD\u0150K\u00d6VESD telep\u00fcl\u00e9sen: <strong>5 f\u0151<\/strong><\/p>\n\n\n\n<p>A hat\u00e1rozat let\u00f6lt\u00e9se <a href=\"http:\/\/www.erdokovesd.hu\/wp-content\/uploads\/2019\/08\/K\u00f6zlem\u00e9ny.pdf\">INNEN<\/a>.<\/p>\n\n\n\n<p><a rel=\"noreferrer noopener\" aria-label=\"HVB \u00fcl\u00e9s megh\u00edv\u00f3 - szeptember 9. 18 \u00f3ra (\u00faj f\u00fcl\u00f6n nyitja meg)\" href=\"http:\/\/www.erdokovesd.hu\/wp-content\/uploads\/2019\/09\/20190903144007790.pdf\" target=\"_blank\">HVB \u00fcl\u00e9s megh\u00edv\u00f3 &#8211; szeptember 9. 18 \u00f3ra<\/a><\/p>\n\n\n\n<p><a href=\"http:\/\/www.erdokovesd.hu\/wp-content\/uploads\/2019\/09\/20190906122235206.pdf\">HVB megalakul\u00e1sa &#8211; szeptember 6.<\/a><\/p>\n\n\n\n<p>Helyi V\u00e1laszt\u00e1si Bizotts\u00e1g \u00fcl\u00e9seinek jegyz\u0151k\u00f6nyvei:<br>&#8211; <a href=\"http:\/\/www.erdokovesd.hu\/wp-content\/uploads\/2019\/09\/SKM_C22719091609360.pdf\">augusztus 30.<\/a><br>&#8211; <a href=\"http:\/\/www.erdokovesd.hu\/wp-content\/uploads\/2019\/09\/SKM_C22719091609361.pdf\">szeptember 6.<\/a><br>&#8211; <a href=\"http:\/\/www.erdokovesd.hu\/wp-content\/uploads\/2019\/09\/SKM_C22719091609370.pdf\">szeptember 9.<\/a><br>&#8211; <a href=\"http:\/\/www.erdokovesd.hu\/wp-content\/uploads\/2019\/09\/SKM_C22719091609370.pdf\">szeptember 9. <\/a><br>&#8211; <a href=\"http:\/\/www.erdokovesd.hu\/wp-content\/uploads\/2019\/09\/20190918152250822.pdf\">szeptember 18. szavaz\u00f3lap imprim\u00e1l\u00e1s<\/a><\/p>\n\n\n\n<p><\/p>\n","protected":false},"excerpt":{"rendered":"<p>A 2019. \u00e9vi helyi \u00f6nkorm\u00e1nyzati k\u00e9pvisel\u0151k \u00e9s polg\u00e1rmesterek v\u00e1laszt\u00e1s\u00e1n a polg\u00e1rmesterjel\u00f6lt \u00e1ll\u00edt\u00e1s\u00e1hoz sz\u00fcks\u00e9ges aj\u00e1nl\u00e1sok sz\u00e1ma ERD\u0150K\u00d6VESD telep\u00fcl\u00e9sen: 15 f\u0151 A 2019. \u00e9vi helyi \u00f6nkorm\u00e1nyzati k\u00e9pvisel\u0151k \u00e9s polg\u00e1rmesterek v\u00e1laszt\u00e1s\u00e1n az egy\u00e9ni list\u00e1s jel\u00f6lt\u00e1ll\u00edt\u00e1shoz, k\u00e9pvisel\u0151 jel\u00f6lts\u00e9ghez&#46;&#46;&#46;<\/p>\n","protected":false},"author":1,"featured_media":560,"comment_status":"closed","ping_status":"open","sticky":false,"template":"","format":"standard","meta":{"footnotes":""},"categories":[17,20],"tags":[],"class_list":["post-542","post","type-post","status-publish","format-standard","has-post-thumbnail","hentry","category-hirek","category-valasztas-2019"],"_links":{"self":[{"href":"https:\/\/www.erdokovesd.hu\/index.php?rest_route=\/wp\/v2\/posts\/542","targetHints":{"allow":["GET"]}}],"collection":[{"href":"https:\/\/www.erdokovesd.hu\/index.php?rest_route=\/wp\/v2\/posts"}],"about":[{"href":"https:\/\/www.erdokovesd.hu\/index.php?rest_route=\/wp\/v2\/types\/post"}],"author":[{"embeddable":true,"href":"https:\/\/www.erdokovesd.hu\/index.php?rest_route=\/wp\/v2\/users\/1"}],"replies":[{"embeddable":true,"href":"https:\/\/www.erdokovesd.hu\/index.php?rest_route=%2Fwp%2Fv2%2Fcomments&post=542"}],"version-history":[{"count":6,"href":"https:\/\/www.erdokovesd.hu\/index.php?rest_route=\/wp\/v2\/posts\/542\/revisions"}],"predecessor-version":[{"id":574,"href":"https:\/\/www.erdokovesd.hu\/index.php?rest_route=\/wp\/v2\/posts\/542\/revisions\/574"}],"wp:featuredmedia":[{"embeddable":true,"href":"https:\/\/www.erdokovesd.hu\/index.php?rest_route=\/wp\/v2\/media\/560"}],"wp:attachment":[{"href":"https:\/\/www.erdokovesd.hu\/index.php?rest_route=%2Fwp%2Fv2%2Fmedia&parent=542"}],"wp:term":[{"taxonomy":"category","embeddable":true,"href":"https:\/\/www.erdokovesd.hu\/index.php?rest_route=%2Fwp%2Fv2%2Fcategories&post=542"},{"taxonomy":"post_tag","embeddable":true,"href":"https:\/\/www.erdokovesd.hu\/index.php?rest_route=%2Fwp%2Fv2%2Ftags&post=542"}],"curies":[{"name":"wp","href":"https:\/\/api.w.org\/{rel}","templated":true}]}}