{"id":623,"date":"2020-03-16T11:59:50","date_gmt":"2020-03-16T11:59:50","guid":{"rendered":"http:\/\/www.erdokovesd.hu\/?p=623"},"modified":"2020-03-27T13:33:24","modified_gmt":"2020-03-27T13:33:24","slug":"lakossagi-tajekoztato-a-koronavirussal-kapcsolatosan","status":"publish","type":"post","link":"https:\/\/www.erdokovesd.hu\/?p=623","title":{"rendered":"T\u00e1j\u00e9koztat\u00f3 a koronav\u00edrussal kapcsolatosan (m\u00e1rcius 16.)"},"content":{"rendered":"\n<p><strong>Tisztelt Lakosok!<\/strong><\/p>\n\n\n\n<p>T\u00e1j\u00e9koztatom a k\u00f6zs\u00e9g lakoss\u00e1g\u00e1t, hogy a\nKorm\u00e1ny \u00e9s az Operat\u00edv T\u00f6rzs h\u00e9tf\u0151t\u0151l \u00e9letbe l\u00e9p\u0151 int\u00e9zked\u00e9seire tekintettel a\nkoronav\u00edrus j\u00e1rv\u00e1ny kit\u00f6r\u00e9s\u00e9nek elker\u00fcl\u00e9se \u00e9rdek\u00e9ben az al\u00e1bbi int\u00e9zked\u00e9seket\nhozom meg:<\/p>\n\n\n\n<p>1<strong>. Az \u00f3vod\u00e1ban 2020. m\u00e1rcius 16-t\u00f3l &#8211;\nhat\u00e1rozatlan id\u0151re \u2013 rendk\u00edv\u00fcli sz\u00fcnetet rendelek el!<\/strong> E napt\u00f3l <strong>az \u00f3voda\n\u00fcgyeleti szinten<\/strong> <strong>m\u0171k\u00f6dik<\/strong>. K\u00e9rem, hogy az a sz\u00fcl\u0151, aki tud\ngondoskodni gyermek\u00e9r\u0151l <strong>ne vigye az int\u00e9zm\u00e9nybe gyermek\u00e9t<\/strong>! Az \u00f3vodai\n\u00fcgyeletbe kiz\u00e1r\u00f3lag eg\u00e9szs\u00e9ges gyermek hozhatnak a sz\u00fcl\u0151k!<\/p>\n\n\n\n<p>2. Az eg\u00e9szs\u00e9g\u00fcgyi int\u00e9zm\u00e9nyekben\n(eg\u00e9szs\u00e9g\u00fcgyi k\u00f6zpont, orvosi rendel\u0151) a rendel\u0151ben val\u00f3 v\u00e1rakoz\u00e1st megtiltom. <strong>Az\norvosi ell\u00e1t\u00e1sra v\u00e1r\u00f3k kiz\u00e1r\u00f3lag az int\u00e9zm\u00e9ny el\u0151tt \u2013 egym\u00e1st\u00f3l megfelel\u0151\nt\u00e1vols\u00e1gban \u2013 v\u00e1rakozhatnak<\/strong>! Az orvosi rendel\u0151 el\u0151tti v\u00e1r\u00f3kban kiz\u00e1r\u00f3lag\ncsak 1 szem\u00e9ly, gyermekorvosi v\u00e1r\u00f3ban 1 gyerek+1 hozz\u00e1tartoz\u00f3 v\u00e1rakozhat. A\nbetegek sorsz\u00e1mot fognak kapni az orvost\u00f3l. <strong>A fogorvosi alapell\u00e1t\u00e1s\nkeret\u00e9ben<\/strong> \u2013 a 10\/2020. (III.14.) EMMI rendeletnek megfelel\u0151en \u2013 <strong>kiz\u00e1r\u00f3lag\ns\u00fcrg\u0151ss\u00e9gi ell\u00e1t\u00e1s ny\u00fajthat\u00f3<\/strong>!<\/p>\n\n\n\n<p>3. 2020. m\u00e1rcius 16-t\u00f3l a <strong>M\u0171vel\u0151d\u00e9si\nH\u00e1zat hat\u00e1rozatlan id\u0151re bez\u00e1rom.<\/strong> <\/p>\n\n\n\n<p>4. <strong>Az iskol\u00e1s kor\u00fa gyermekek napk\u00f6zbeni\nell\u00e1t\u00e1sa:<\/strong> A Tam\u00e1si \u00c1ron \u00c1ltal\u00e1nos Iskol\u00e1ba j\u00e1r\u00f3&nbsp; gyermekek sz\u00fclei \u2013 a ny\u00e1ri sz\u00fcnethez\nhasonl\u00f3an k\u00e9rem jelezz\u00e9k az \u00f6nkorm\u00e1nyzat fel\u00e9, ha \u00e9lni k\u00edv\u00e1nnak a gyermek\u00fck\n\u00e9tkeztet\u00e9s\u00e9vel. H\u00e9tf\u0151n felm\u00e9rj\u00fck az \u00e9tkez\u00e9ssel kapcsolatos ig\u00e9nyeket, \u00e9s a\nfelm\u00e9r\u00e9s eredm\u00e9ny\u00e9nek megfelel\u0151en (\u00e9telhord\u00f3ban val\u00f3 elhord\u00e1ssal vagy\nkiscsoportos \u00e9tkeztet\u00e9ssel) fogunk gondoskodni az iskol\u00e1ba j\u00e1r\u00f3 gyermekek\nell\u00e1t\u00e1s\u00e1r\u00f3l.<\/p>\n\n\n\n<p>5. <strong>A j\u00e1rv\u00e1nyra tekintettel minden\n\u00f6nkorm\u00e1nyzati int\u00e9zm\u00e9nybe val\u00f3 bel\u00e9p\u00e9skor k\u00f6telez\u0151 a k\u00e9zfert\u0151tlen\u00edt\u0151\nhaszn\u00e1lata!<\/strong><\/p>\n\n\n\n<p>6. <strong>Nyomat\u00e9kosan megk\u00e9rem az id\u0151skor\u00fa\nlakoss\u00e1got<\/strong>, hogy lehet\u0151leg ne hagyja el lak\u00e1s\u00e1t. Az ell\u00e1t\u00e1sukr\u00f3l \u2013 ha nincs\nel\u00e9rhet\u0151 hozz\u00e1tartoz\u00f3juk \u2013 az erre szolg\u00e1l\u00f3 int\u00e9zm\u00e9nyeinken kereszt\u00fcl\ngondoskodni fogunk.<\/p>\n\n\n\n<p>7. Felh\u00edvom az \u00fcgyfelek figyelm\u00e9t arra,\nhogy a P\u00e9terv\u00e1s\u00e1rai K\u00f6z\u00f6s <strong>\u00d6nkorm\u00e1nyzati Hivatalban az \u00fcgyf\u00e9lfogad\u00e1si id\u0151ben\nmaximum 1 f\u0151 tart\u00f3zkodhat!<\/strong> Az \u00fcgyint\u00e9z\u00e9sre v\u00e1r\u00f3 \u00fcgyfelek az int\u00e9zm\u00e9ny el\u0151tt\n\u2013 egym\u00e1st\u00f3l megfelel\u0151 t\u00e1vols\u00e1gban \u2013 v\u00e1rakozhatnak. Az \u00fcgyfelek fogad\u00e1sa\n\u00e9rkez\u00e9si sorrendben t\u00f6rt\u00e9nik. <\/p>\n\n\n\n<p><strong>Nyomat\u00e9kosan felh\u00edvom a k\u00f6zs\u00e9g\nlakoss\u00e1g\u00e1t,<\/strong>\nhogy a Hivatal <strong>kiz\u00e1r\u00f3lag a s\u00fcrg\u0151s \u00e9s halaszthatatlan esetekben,<\/strong> valamint\n<strong>15 percn\u00e9l hosszabb \u00fcgyint\u00e9z\u00e9si id\u0151t nem ig\u00e9nyl\u0151 \u00fcgyekben fogad \u00fcgyfelet!<\/strong><\/p>\n\n\n\n<p><strong>A tov\u00e1bbi int\u00e9zked\u00e9seket a Korm\u00e1ny\n\u00e9s az Operat\u00edv T\u00f6rzs int\u00e9zked\u00e9seivel \u00f6sszhangban fogjuk megtenni!<\/strong><\/p>\n\n\n\n<p>Erd\u0151k\u00f6vesd, 2020. m\u00e1rcius 15.<\/p>\n\n\n\n<p><strong>\u00a0\u00a0\u00a0\u00a0\u00a0\u00a0\u00a0\u00a0\u00a0\u00a0\u00a0\u00a0\u00a0\u00a0\u00a0\u00a0\u00a0\u00a0\u00a0\u00a0\u00a0\u00a0\u00a0\u00a0\u00a0\u00a0\u00a0\u00a0\u00a0\u00a0\u00a0\u00a0\u00a0\u00a0\u00a0\u00a0\u00a0\u00a0\u00a0\u00a0\u00a0\u00a0\u00a0\u00a0\u00a0\u00a0 \u00a0\u00a0\u00a0\u00a0\u00a0\u00a0\u00a0\u00a0\u00a0\u00a0\u00a0\u00a0\u00a0\u00a0\u00a0\u00a0\u00a0\u00a0\u00a0\u00a0\u00a0\u00a0\u00a0\u00a0\u00a0\u00a0\u00a0\u00a0\u00a0 Halla Istv\u00e1n &#8211; polg\u00e1rmester<\/strong><\/p>\n","protected":false},"excerpt":{"rendered":"<p>Tisztelt Lakosok! T\u00e1j\u00e9koztatom a k\u00f6zs\u00e9g lakoss\u00e1g\u00e1t, hogy a Korm\u00e1ny \u00e9s az Operat\u00edv T\u00f6rzs h\u00e9tf\u0151t\u0151l \u00e9letbe l\u00e9p\u0151 int\u00e9zked\u00e9seire tekintettel a koronav\u00edrus j\u00e1rv\u00e1ny kit\u00f6r\u00e9s\u00e9nek elker\u00fcl\u00e9se \u00e9rdek\u00e9ben az al\u00e1bbi int\u00e9zked\u00e9seket hozom meg: 1. Az \u00f3vod\u00e1ban 2020. m\u00e1rcius&#46;&#46;&#46;<\/p>\n","protected":false},"author":1,"featured_media":624,"comment_status":"closed","ping_status":"open","sticky":false,"template":"","format":"standard","meta":{"footnotes":""},"categories":[17],"tags":[23],"class_list":["post-623","post","type-post","status-publish","format-standard","has-post-thumbnail","hentry","category-hirek","tag-koronavirus"],"_links":{"self":[{"href":"https:\/\/www.erdokovesd.hu\/index.php?rest_route=\/wp\/v2\/posts\/623","targetHints":{"allow":["GET"]}}],"collection":[{"href":"https:\/\/www.erdokovesd.hu\/index.php?rest_route=\/wp\/v2\/posts"}],"about":[{"href":"https:\/\/www.erdokovesd.hu\/index.php?rest_route=\/wp\/v2\/types\/post"}],"author":[{"embeddable":true,"href":"https:\/\/www.erdokovesd.hu\/index.php?rest_route=\/wp\/v2\/users\/1"}],"replies":[{"embeddable":true,"href":"https:\/\/www.erdokovesd.hu\/index.php?rest_route=%2Fwp%2Fv2%2Fcomments&post=623"}],"version-history":[{"count":3,"href":"https:\/\/www.erdokovesd.hu\/index.php?rest_route=\/wp\/v2\/posts\/623\/revisions"}],"predecessor-version":[{"id":628,"href":"https:\/\/www.erdokovesd.hu\/index.php?rest_route=\/wp\/v2\/posts\/623\/revisions\/628"}],"wp:featuredmedia":[{"embeddable":true,"href":"https:\/\/www.erdokovesd.hu\/index.php?rest_route=\/wp\/v2\/media\/624"}],"wp:attachment":[{"href":"https:\/\/www.erdokovesd.hu\/index.php?rest_route=%2Fwp%2Fv2%2Fmedia&parent=623"}],"wp:term":[{"taxonomy":"category","embeddable":true,"href":"https:\/\/www.erdokovesd.hu\/index.php?rest_route=%2Fwp%2Fv2%2Fcategories&post=623"},{"taxonomy":"post_tag","embeddable":true,"href":"https:\/\/www.erdokovesd.hu\/index.php?rest_route=%2Fwp%2Fv2%2Ftags&post=623"}],"curies":[{"name":"wp","href":"https:\/\/api.w.org\/{rel}","templated":true}]}}