{"id":644,"date":"2020-04-09T15:09:01","date_gmt":"2020-04-09T15:09:01","guid":{"rendered":"http:\/\/www.erdokovesd.hu\/?p=644"},"modified":"2020-04-09T15:12:38","modified_gmt":"2020-04-09T15:12:38","slug":"tisztelt-erdokovesdiek","status":"publish","type":"post","link":"https:\/\/www.erdokovesd.hu\/?p=644","title":{"rendered":"Tisztelt Erd\u0151k\u00f6vesdiek!"},"content":{"rendered":"\n<p>Szeretn\u00e9k besz\u00e1molni arr\u00f3l, hogy Erd\u0151k\u00f6vesden milyen int\u00e9zked\u00e9sek t\u00f6rt\u00e9ntek eddig. <\/p>\n\n\n\n<figure class=\"wp-block-image size-large\"><img decoding=\"async\" width=\"700\" height=\"252\" src=\"http:\/\/www.erdokovesd.hu\/wp-content\/uploads\/2020\/04\/site_block_55732.jpg\" alt=\"\" class=\"wp-image-648\" srcset=\"https:\/\/www.erdokovesd.hu\/wp-content\/uploads\/2020\/04\/site_block_55732.jpg 700w, https:\/\/www.erdokovesd.hu\/wp-content\/uploads\/2020\/04\/site_block_55732-300x108.jpg 300w\" sizes=\"(max-width: 700px) 100vw, 700px\" \/><\/figure>\n\n\n\n<ul class=\"wp-block-list\"><li> Az \u00f6nkorm\u00e1nyzat m\u00e1r a korl\u00e1toz\u00e1s els\u0151 napj\u00e1t\u00f3l sz\u00f3r\u00f3lapon folyamatos t\u00e1j\u00e9koztat\u00e1st ad a kialakult helyzetr\u0151l.  <\/li><li>Megadtuk a szoci\u00e1lis munk\u00e1sok, valamint a hivatal el\u00e9rhet\u0151s\u00e9g\u00e9t \u00e9s felh\u00edvtuk a figyelmet b\u00e1rmilyen probl\u00e9ma mer\u00fcl fel, tudj\u00e1k hogyan \u00e9s hova forduljanak seg\u00edts\u00e9g\u00e9rt. <\/li><li>Megszervezt\u00fck a gy\u00f3gyszerek\u00a0 h\u00e1zhoz sz\u00e1ll\u00edt\u00e1s\u00e1t heti rendszeress\u00e9ggel, az ig\u00e9nyl\u00e9st\u0151l a helysz\u00edni \u00e1tad\u00e1sig an\u00e9lk\u00fcl, hogy ki kelljen l\u00e9pni a lak\u00e1sa ajtaj\u00e1n.\u00a0 <\/li><li>Van egy valaki, aki m\u00e1r kb 3 hete folyamatosan varrja a maszkokat, a h\u00e9ten\u00a0 m\u00e1r m\u00e1s is csatlakozott a tev\u00e9kenys\u00e9ghez. <\/li><li>Folyamatos a helyi rendeletekr\u0151l a t\u00e1j\u00e9koztat\u00e1s is. <\/li><li>Az eddig megszokott m\u00f3don megy minden nap a k\u00f6z\u00e9tkeztet\u00e9s h\u00e1zhoz sz\u00e1ll\u00edt\u00e1ssal. <\/li><li>Az \u00f3voda \u00fcgyeleti rendszerben m\u0171k\u00f6dik, akinek eg\u00e9szs\u00e9ges a gyermeke \u00e9s nem tud vele otthon maradni az teljes ell\u00e1t\u00e1ssal biztons\u00e1gban van az oviban.\u00a0 <\/li><li>Az \u00e1ltal\u00e1nos iskol\u00e1sok, a k\u00f6z\u00e9piskol\u00e1sokkal egy\u00fctt napi egyszeri meleg eb\u00e9det kapnak, el\u0151re csomagolva melyet otthon fogyasztanak el. <\/li><li>A helyi \u00e9lelmiszer bolt \u00e9s a P\u00e9terv\u00e1s\u00e1rai z\u00f6lds\u00e9ges \u00fczlet telefonos megrendel\u00e9ssel h\u00e1zhoz sz\u00e1ll\u00edtja az \u00e9lelmiszert. <\/li><li>A posta minden nap 9 \u00e9s 10 \u00f3ra k\u00f6z\u00f6tt tart nyitva. <\/li><li>Horv\u00e1th L\u00e1szl\u00f3 k\u00e9pvisel\u0151 \u00fart\u00f3l is kaptunk seg\u00edts\u00e9get.\u00a0 \u00a0<\/li><li>A telep\u00fcl\u00e9s polg\u00e1r\u0151rei tov\u00e1bbra is munka idej\u00fck mellett folyamatosan jelen vannak a telep\u00fcl\u00e9sen kar\u00f6ltve a rend\u0151rs\u00e9ggel \u00e9s vigy\u00e1znak a k\u00f6zrendre.<\/li><li>Folyamatban van tisztas\u00e1gi csomagok \u00f6ssze\u00e1ll\u00edt\u00e1sa\u00a0 \u00e9s a legforgalmasabb j\u00e1rd\u00e1k k\u00f6zter\u00fclet \u00e9s k\u00f6z\u00e9p\u00fcletek k\u00f6rny\u00e9k\u00e9nek fert\u0151tlen\u00edt\u00e9s\u00e9re alkalmas fert\u0151tlen\u00edt\u0151 szer beszerz\u00e9se. <\/li><\/ul>\n\n\n\n<p>Itt\nszeretn\u00e9m megragadni az alkalmat \u00e9s k\u00f6sz\u00f6netemet kifejezni a lakoss\u00e1g fel\u00e9,\nhogy nagyon fegyelmezetten \u00e9s t\u00fcrelemmel viselik ezt a nem k\u00f6nny\u0171 id\u0151szakot. K\u00fcl\u00f6n\nk\u00f6sz\u00f6n\u00f6m az \u00f6nkorm\u00e1nyzat dolgoz\u00f3inak &nbsp;a\nmunk\u00e1j\u00e1t, akik folyamatosan j\u00e1rj\u00e1k az id\u0151seket, viszik az eb\u00e9det \u00edrj\u00e1k a\nfelmer\u00fclt ig\u00e9nyeket \u00e9s teljes\u00edtik azokat. &nbsp;Az \u00f3vod\u00e1nak, akik vigy\u00e1znak a gyerekekre. &nbsp;K\u00f6sz\u00f6net az eg\u00e9szs\u00e9g\u00fcgyben dolgoz\u00f3knak, akik\nmost k\u00fcl\u00f6n\u00f6sen neh\u00e9z \u00e9s fontos munk\u00e1t l\u00e1tnak el. K\u00f6sz\u00f6net a k\u00e9pvisel\u0151knek is\nakik szervezik \u00e9s gy\u0171jtik a tisztas\u00e1gi csomagba a term\u00e9keket. K\u00fcl\u00f6n\nk\u00f6sz\u00f6n\u00f6m&nbsp; a telep\u00fcl\u00e9s tisztas\u00e1g\u00e1\u00e9rt\ndolgoz\u00f3 k\u00f6zmunk\u00e1sok munk\u00e1j\u00e1t, akiknek a tev\u00e9kenys\u00e9ge&nbsp; mindig nagyon fontos, de most k\u00fcl\u00f6n\u00f6sen.<\/p>\n\n\n\n<p class=\"has-background has-luminous-vivid-amber-background-color\">Tov\u00e1bbra is\nnagyon k\u00e9rem a telep\u00fcl\u00e9s minden lak\u00f3j\u00e1t, hogy lehet\u0151s\u00e9geihez m\u00e9rten tov\u00e1bbra is\ntartsa be a szab\u00e1lyokat, \u00e9s vegye ig\u00e9nybe a seg\u00edts\u00e9geket, mert csak \u00edgy,\nk\u00f6z\u00f6sen tudjuk legy\u0151zni a v\u00edrust \u00e9s meg\u0151rizni eg\u00e9szs\u00e9g\u00fcnket. <\/p>\n\n\n\n<p>Nem tudjuk\nm\u00e9g, hogy j\u00f6het-e a nyuszi, de mindenkinek kellemes h\u00fasv\u00e9tot \u00e9s j\u00f3 eg\u00e9szs\u00e9get\nk\u00edv\u00e1nok magam \u00e9s a test\u00fclet nev\u00e9ben. <\/p>\n\n\n\n<p>Tisztelettel: Halla Istv\u00e1n &#8211; polg\u00e1rmester<\/p>\n","protected":false},"excerpt":{"rendered":"<p>Szeretn\u00e9k besz\u00e1molni arr\u00f3l, hogy Erd\u0151k\u00f6vesden milyen int\u00e9zked\u00e9sek t\u00f6rt\u00e9ntek eddig. Az \u00f6nkorm\u00e1nyzat m\u00e1r a korl\u00e1toz\u00e1s els\u0151 napj\u00e1t\u00f3l sz\u00f3r\u00f3lapon folyamatos t\u00e1j\u00e9koztat\u00e1st ad a kialakult helyzetr\u0151l. Megadtuk a szoci\u00e1lis munk\u00e1sok, valamint a hivatal el\u00e9rhet\u0151s\u00e9g\u00e9t \u00e9s felh\u00edvtuk a&#46;&#46;&#46;<\/p>\n","protected":false},"author":1,"featured_media":648,"comment_status":"closed","ping_status":"open","sticky":false,"template":"","format":"standard","meta":{"footnotes":""},"categories":[17],"tags":[23],"class_list":["post-644","post","type-post","status-publish","format-standard","has-post-thumbnail","hentry","category-hirek","tag-koronavirus"],"_links":{"self":[{"href":"https:\/\/www.erdokovesd.hu\/index.php?rest_route=\/wp\/v2\/posts\/644","targetHints":{"allow":["GET"]}}],"collection":[{"href":"https:\/\/www.erdokovesd.hu\/index.php?rest_route=\/wp\/v2\/posts"}],"about":[{"href":"https:\/\/www.erdokovesd.hu\/index.php?rest_route=\/wp\/v2\/types\/post"}],"author":[{"embeddable":true,"href":"https:\/\/www.erdokovesd.hu\/index.php?rest_route=\/wp\/v2\/users\/1"}],"replies":[{"embeddable":true,"href":"https:\/\/www.erdokovesd.hu\/index.php?rest_route=%2Fwp%2Fv2%2Fcomments&post=644"}],"version-history":[{"count":3,"href":"https:\/\/www.erdokovesd.hu\/index.php?rest_route=\/wp\/v2\/posts\/644\/revisions"}],"predecessor-version":[{"id":649,"href":"https:\/\/www.erdokovesd.hu\/index.php?rest_route=\/wp\/v2\/posts\/644\/revisions\/649"}],"wp:featuredmedia":[{"embeddable":true,"href":"https:\/\/www.erdokovesd.hu\/index.php?rest_route=\/wp\/v2\/media\/648"}],"wp:attachment":[{"href":"https:\/\/www.erdokovesd.hu\/index.php?rest_route=%2Fwp%2Fv2%2Fmedia&parent=644"}],"wp:term":[{"taxonomy":"category","embeddable":true,"href":"https:\/\/www.erdokovesd.hu\/index.php?rest_route=%2Fwp%2Fv2%2Fcategories&post=644"},{"taxonomy":"post_tag","embeddable":true,"href":"https:\/\/www.erdokovesd.hu\/index.php?rest_route=%2Fwp%2Fv2%2Ftags&post=644"}],"curies":[{"name":"wp","href":"https:\/\/api.w.org\/{rel}","templated":true}]}}