{"id":668,"date":"2020-07-06T07:34:31","date_gmt":"2020-07-06T07:34:31","guid":{"rendered":"http:\/\/www.erdokovesd.hu\/?p=668"},"modified":"2020-07-06T07:34:33","modified_gmt":"2020-07-06T07:34:33","slug":"kutyaoltas-2020","status":"publish","type":"post","link":"https:\/\/www.erdokovesd.hu\/?p=668","title":{"rendered":"Kutyaolt\u00e1s 2020."},"content":{"rendered":"\n<p>K\u00f6telez\u0151 felvezet\u00e9ses ebolt\u00e1s<\/p>\n\n\n\n<p>Az olt\u00e1st v\u00e9gzi: dr. Mar\u00f3thy Zolt\u00e1n<\/p>\n\n\n\n<p>Tel.: 30\/250-8653<\/p>\n\n\n\n<figure class=\"wp-block-table is-style-stripes\"><table class=\"has-subtle-pale-blue-background-color has-background\"><tbody><tr><td>Helye<\/td><td>Ideje<\/td><td>P\u00f3tolt\u00e1s<\/td><\/tr><tr><td><strong>Iv\u00e1d<\/strong> &#8211; Polg\u00e1rmesteri Hivatal<\/td><td>j\u00falius 8-\u00e1n 10-11 \u00f3r\u00e1ig<\/td><td>j\u00falius 15-\u00e9n 10-11 \u00f3r\u00e1ig<\/td><\/tr><tr><td><strong>Kisf\u00fczes<\/strong> &#8211; Orvosi rendel\u0151<\/td><td>J\u00falius 8-\u00e1n 11.00-11.30-ig<\/td><td>J\u00falius 15-\u00e1n 11.00-11.30-ig<\/td><\/tr><tr><td><strong>Erd\u0151k\u00f6vesd<\/strong> &#8211; Polg\u00e1rmesteri Hivatal<\/td><td>J\u00falius 8-\u00e1n 11-30-12.30-ig<\/td><td>J\u00falius 15-\u00e9n 11.30-12.30-ig<\/td><\/tr><tr><td><strong>V\u00e1rasz\u00f3 <\/strong>&#8211; Polg\u00e1rmesteri Hivatal<\/td><td>J\u00falius 8-\u00e1n 12.30-13.30-ig<\/td><td>J\u00falius 15-\u00e9n 12.30-.13.30-ig<\/td><\/tr><tr><td><strong>P\u00e9terv\u00e1s\u00e1ra<\/strong> &#8211; Piact\u00e9r<\/td><td>J\u00falius 11-\u00e9n 10-11 \u00f3r\u00e1ig<\/td><td>J\u00falius 18-\u00e1n 10-11 \u00f3r\u00e1ig<\/td><\/tr><\/tbody><\/table><\/figure>\n\n\n\n<p><strong>F\u00e9regtelen\u00edt\u0151 tabletta : 200 Ft\/db<\/strong><br><strong>Veszetts\u00e9g elleni olt\u00e1s : 4000 Ft\/db<br>\u00daj mikrochip : 3500 Ft\/db<br>\u00daj olt\u00e1si k\u00f6nyv : 500 Ft\/db<\/strong><\/p>\n\n\n\n<p class=\"has-background has-very-light-gray-background-color\"><em>A 164\/2008 (XII.20.) FVM rendeletben foglaltak v\u00e9grehajt\u00e1s\u00e1t illet\u00e9kess\u00e9gi ter\u00fcleten az olt\u00e1st v\u00e9gz\u0151 \u00e1llatorvos v\u00e9gzi \u00e9s jogs\u00e9rt\u00e9s eset\u00e9n az \u00c9TV 56.\u00a7-a szerinti b\u00fcntet\u0151 elj\u00e1r\u00e1st kezdem\u00e9nyezhet.<\/em><\/p>\n","protected":false},"excerpt":{"rendered":"<p>K\u00f6telez\u0151 felvezet\u00e9ses ebolt\u00e1s Az olt\u00e1st v\u00e9gzi: dr. Mar\u00f3thy Zolt\u00e1n Tel.: 30\/250-8653 Helye Ideje P\u00f3tolt\u00e1s Iv\u00e1d &#8211; Polg\u00e1rmesteri Hivatal j\u00falius 8-\u00e1n 10-11 \u00f3r\u00e1ig j\u00falius 15-\u00e9n 10-11 \u00f3r\u00e1ig Kisf\u00fczes &#8211; Orvosi rendel\u0151 J\u00falius 8-\u00e1n 11.00-11.30-ig J\u00falius&#46;&#46;&#46;<\/p>\n","protected":false},"author":1,"featured_media":669,"comment_status":"closed","ping_status":"open","sticky":false,"template":"","format":"standard","meta":{"footnotes":""},"categories":[17],"tags":[],"class_list":["post-668","post","type-post","status-publish","format-standard","has-post-thumbnail","hentry","category-hirek"],"_links":{"self":[{"href":"https:\/\/www.erdokovesd.hu\/index.php?rest_route=\/wp\/v2\/posts\/668","targetHints":{"allow":["GET"]}}],"collection":[{"href":"https:\/\/www.erdokovesd.hu\/index.php?rest_route=\/wp\/v2\/posts"}],"about":[{"href":"https:\/\/www.erdokovesd.hu\/index.php?rest_route=\/wp\/v2\/types\/post"}],"author":[{"embeddable":true,"href":"https:\/\/www.erdokovesd.hu\/index.php?rest_route=\/wp\/v2\/users\/1"}],"replies":[{"embeddable":true,"href":"https:\/\/www.erdokovesd.hu\/index.php?rest_route=%2Fwp%2Fv2%2Fcomments&post=668"}],"version-history":[{"count":1,"href":"https:\/\/www.erdokovesd.hu\/index.php?rest_route=\/wp\/v2\/posts\/668\/revisions"}],"predecessor-version":[{"id":670,"href":"https:\/\/www.erdokovesd.hu\/index.php?rest_route=\/wp\/v2\/posts\/668\/revisions\/670"}],"wp:featuredmedia":[{"embeddable":true,"href":"https:\/\/www.erdokovesd.hu\/index.php?rest_route=\/wp\/v2\/media\/669"}],"wp:attachment":[{"href":"https:\/\/www.erdokovesd.hu\/index.php?rest_route=%2Fwp%2Fv2%2Fmedia&parent=668"}],"wp:term":[{"taxonomy":"category","embeddable":true,"href":"https:\/\/www.erdokovesd.hu\/index.php?rest_route=%2Fwp%2Fv2%2Fcategories&post=668"},{"taxonomy":"post_tag","embeddable":true,"href":"https:\/\/www.erdokovesd.hu\/index.php?rest_route=%2Fwp%2Fv2%2Ftags&post=668"}],"curies":[{"name":"wp","href":"https:\/\/api.w.org\/{rel}","templated":true}]}}