{"id":681,"date":"2020-12-09T13:00:58","date_gmt":"2020-12-09T13:00:58","guid":{"rendered":"http:\/\/www.erdokovesd.hu\/?p=681"},"modified":"2020-12-09T13:37:31","modified_gmt":"2020-12-09T13:37:31","slug":"telepulesunk-kepviselo-testulete-diszpolgari-cimet-adomanyozott-szekeres-gizellanak","status":"publish","type":"post","link":"https:\/\/www.erdokovesd.hu\/?p=681","title":{"rendered":"Telep\u00fcl\u00e9s\u00fcnk k\u00e9pvisel\u0151 test\u00fclete d\u00edszpolg\u00e1ri c\u00edmet adom\u00e1nyozott Szekeres Gizell\u00e1nak"},"content":{"rendered":"\n<p>Kedves Olvas\u00f3!<br><br>December 6-\u00e1n sz\u0171k csal\u00e1di k\u00f6rben adom\u00e1nyoztuk oda Szekeresn\u00e9 Gizell\u00e1nak Erd\u0151k\u00f6vesd d\u00edszpolg\u00e1ra c\u00edmet, aki m\u00e9lt\u00e1n meg\u00e9rdemli ezt a kit\u00fcntet\u00e9st. Innen is k\u00edv\u00e1nunk neki tov\u00e1bbi sok boldogs\u00e1got er\u0151t eg\u00e9szs\u00e9get csal\u00e1dja \u00e9s mindannyiunk k\u00f6r\u00e9ben. <\/p>\n\n\n\n<p>Al\u00e1bb olvashatj\u00e1k a k\u00f6sz\u00f6nt\u0151t, melyet Erd\u0151k\u00f6vesd polg\u00e1rmestere mondott el \u00e9s B\u00e1lintn\u00e9 Tar M\u00e1ria alpolg\u00e1rmester asszony saj\u00e1t eml\u00e9keivel eg\u00e9sz\u00edtett ki. A kit\u00fcntetett egy \u00f3lomkrist\u00e1ly v\u00e1z\u00e1t \u00e9s eml\u00e9klapot kapott egy sz\u00e9p csokor vir\u00e1ggal egy\u00fctt, a k\u00e9pvisel\u0151k \u00e9s csal\u00e1dtagok t\u00e1rsas\u00e1g\u00e1ban.<br><\/p>\n\n\n\n<p class=\"has-pale-cyan-blue-background-color has-background\"><em>Kedves Gizella !<\/em><br><br><em>Mi, a p\u00e1rommal \u201e csak\u201d tizenk\u00e9t \u00e9ve ismer\u00fcnk, de arra eml\u00e9ksz\u00fcnk, hogy b\u00e1rmilyen rendezv\u00e9ny volt, te ott volt\u00e1l, \u00e9s seg\u00edtett\u00e9l ahol kellett, boldogan, \u00f6nzetlen\u00fcl. Mindannyian tudjuk, m\u00e1r gyermek korodban \u00e9s fiatalasszonyk\u00e9nt is szerett\u00e9l \u00e9nekelni, t\u00e1ncolni. 1977- ben Dom\u00e1ny Katica anyuk\u00e1j\u00e1val \u00e9nekkarban \u00e9nekelt\u00e9l. K\u00e9s\u0151bb, 1980 k\u00f6r\u00fcl fiatalokat tan\u00edtott\u00e1l t\u00e1ncolni, akikkel t\u00f6bb helyen fell\u00e9ptetek falunapokon, egy\u00e9b rendezv\u00e9nyeken.<\/em><br><br><em>Nagyon sz\u00e9p ruh\u00e1kat varrt\u00e1l a fell\u00e9p\u0151knek, a palot\u00e1s, a menyecske ruh\u00e1k \u00e9s v\u00e1rsz, is amire \u00e9kes bizony\u00edt\u00e9k a t\u00e1jh\u00e1zi bab\u00e1k gy\u00f6ny\u00f6r\u0171 magyaros ruh\u00e1i. <br>2006- b\u00e1n megalakult a nyugd\u00edjas klub, melynek tagja lett\u00e9l, majd az ott szervez\u0151d\u0151 \u00e9nekkarnak a vezet\u00e9s\u00e9t, mi nem k\u00f6nny\u0171, de nagyon sz\u00e9p feladat\u00e1t v\u00e1llaltad magadra. Hossz\u00fa \u00e9veken \u00e1t \u00e9nekeltetek, felk\u00e9r\u00e9seknek tettetek eleget, sok sok embernek, k\u00f6z\u00f6ss\u00e9gnek szerezve ezzel \u00f6r\u00f6m\u00f6t, fel\u00fcd\u00fcl\u00e9st.<br>Biztosan voltak keser\u0171 pillanatok is, de az id\u0151, mint tudjuk begy\u00f3gy\u00edtja a sebeket. Tudom amit v\u00e9gezt\u00e9l \u00f6nzetlen\u00fcl ingyen, s\u0151t sok esetben saj\u00e1t p\u00e9nzed is bele t\u00e9ve csin\u00e1ltad, csak hogy \u00f6r\u00f6met tudj szerezni embert\u00e1rsaidnak. M\u00e9g \u00edgy betegen is j\u00f6tt\u00e9l \u00e9s \u00f6tletekkel seg\u00edtetted a t\u00e1jh\u00e1z berendez\u00e9s\u00e9t.<br>Mi az \u00d6nkorm\u00e1nyzat K\u00e9pvisel\u0151 Test\u00fclete, ezt a felbecs\u00fclhetetlen \u00e9rt\u00e9k\u0171 munk\u00e1dat szeretn\u00e9nk megk\u00f6sz\u00f6nni ezzel a megtisztel\u0151 c\u00edmmel \u00e9s szer\u00e9ny aj\u00e1nd\u00e9kkal. Tudom, hogy mindez csek\u00e9ly ahhoz k\u00e9pest, amit telep\u00fcl\u00e9s\u00fcnk\u00e9rt tett\u00e9l, de k\u00e9rlek fogadd el \u00e9s k\u00edv\u00e1njuk, hogy m\u00e9g nagyon sok\u00e1ig legy\u00e9l k\u00f6z\u00f6tt\u00fcnk \u00e9s tapasztalatoddal, \u00f6tleteiddel seg\u00edtsd munk\u00e1nkat, hogy amit tett\u00e9l tov\u00e1bb tudjuk vinni, \u00e9s hozz\u00e1 t\u00e9ve a mi eredm\u00e9nyeinket, \u00e1t tudjuk adni az ut\u00e1nunk j\u00f6v\u0151knek.<\/em><br><br><em>M\u00e9g egyszer nagyon sok \u00f6r\u00f6m\u00f6t, boldogs\u00e1got k\u00edv\u00e1nunk neked csal\u00e1dod \u00e9s telep\u00fcl\u00e9s\u00fcnk k\u00f6r\u00e9ben a k\u00f6zelg\u0151 \u00fcnnepekre pedig \u00e1ldott b\u00e9k\u00e9s kar\u00e1csonyt, \u00e9s boldog \u00faj \u00e9vet.<\/em><\/p>\n\n\n\n<figure class=\"wp-block-gallery columns-1 is-cropped wp-block-gallery-1 is-layout-flex wp-block-gallery-is-layout-flex\"><ul class=\"blocks-gallery-grid\"><li class=\"blocks-gallery-item\"><figure><img decoding=\"async\" width=\"1024\" height=\"684\" src=\"http:\/\/www.erdokovesd.hu\/wp-content\/uploads\/2020\/12\/3-1024x684.jpg\" alt=\"\" data-id=\"688\" data-link=\"http:\/\/www.erdokovesd.hu\/?attachment_id=688\" class=\"wp-image-688\" srcset=\"https:\/\/www.erdokovesd.hu\/wp-content\/uploads\/2020\/12\/3-1024x684.jpg 1024w, https:\/\/www.erdokovesd.hu\/wp-content\/uploads\/2020\/12\/3-300x200.jpg 300w, https:\/\/www.erdokovesd.hu\/wp-content\/uploads\/2020\/12\/3-768x513.jpg 768w, https:\/\/www.erdokovesd.hu\/wp-content\/uploads\/2020\/12\/3-1536x1026.jpg 1536w, https:\/\/www.erdokovesd.hu\/wp-content\/uploads\/2020\/12\/3-2048x1368.jpg 2048w\" sizes=\"(max-width: 1024px) 100vw, 1024px\" \/><\/figure><\/li><li class=\"blocks-gallery-item\"><figure><img decoding=\"async\" width=\"2164\" height=\"1445\" src=\"http:\/\/www.erdokovesd.hu\/wp-content\/uploads\/2020\/12\/4-1024x684.jpg\" alt=\"\" data-id=\"689\" data-link=\"http:\/\/www.erdokovesd.hu\/?attachment_id=689\" class=\"wp-image-689\" srcset=\"https:\/\/www.erdokovesd.hu\/wp-content\/uploads\/2020\/12\/4-1024x684.jpg 1024w, https:\/\/www.erdokovesd.hu\/wp-content\/uploads\/2020\/12\/4-300x200.jpg 300w, https:\/\/www.erdokovesd.hu\/wp-content\/uploads\/2020\/12\/4-768x513.jpg 768w, https:\/\/www.erdokovesd.hu\/wp-content\/uploads\/2020\/12\/4-1536x1026.jpg 1536w, https:\/\/www.erdokovesd.hu\/wp-content\/uploads\/2020\/12\/4-2048x1368.jpg 2048w\" sizes=\"(max-width: 2164px) 100vw, 2164px\" \/><\/figure><\/li><li class=\"blocks-gallery-item\"><figure><img decoding=\"async\" width=\"1024\" height=\"684\" src=\"http:\/\/www.erdokovesd.hu\/wp-content\/uploads\/2020\/12\/5-1024x684.jpg\" alt=\"\" data-id=\"690\" data-link=\"http:\/\/www.erdokovesd.hu\/?attachment_id=690\" class=\"wp-image-690\" srcset=\"https:\/\/www.erdokovesd.hu\/wp-content\/uploads\/2020\/12\/5-1024x684.jpg 1024w, https:\/\/www.erdokovesd.hu\/wp-content\/uploads\/2020\/12\/5-300x200.jpg 300w, https:\/\/www.erdokovesd.hu\/wp-content\/uploads\/2020\/12\/5-768x513.jpg 768w, https:\/\/www.erdokovesd.hu\/wp-content\/uploads\/2020\/12\/5-1536x1026.jpg 1536w, https:\/\/www.erdokovesd.hu\/wp-content\/uploads\/2020\/12\/5-2048x1368.jpg 2048w\" sizes=\"(max-width: 1024px) 100vw, 1024px\" \/><\/figure><\/li><li class=\"blocks-gallery-item\"><figure><img decoding=\"async\" width=\"684\" height=\"1024\" src=\"http:\/\/www.erdokovesd.hu\/wp-content\/uploads\/2020\/12\/1-684x1024.jpg\" alt=\"\" data-id=\"692\" data-full-url=\"http:\/\/www.erdokovesd.hu\/wp-content\/uploads\/2020\/12\/1.jpg\" data-link=\"http:\/\/www.erdokovesd.hu\/?attachment_id=692\" class=\"wp-image-692\" srcset=\"https:\/\/www.erdokovesd.hu\/wp-content\/uploads\/2020\/12\/1-684x1024.jpg 684w, https:\/\/www.erdokovesd.hu\/wp-content\/uploads\/2020\/12\/1-200x300.jpg 200w, https:\/\/www.erdokovesd.hu\/wp-content\/uploads\/2020\/12\/1-768x1150.jpg 768w, https:\/\/www.erdokovesd.hu\/wp-content\/uploads\/2020\/12\/1-1026x1536.jpg 1026w, https:\/\/www.erdokovesd.hu\/wp-content\/uploads\/2020\/12\/1-1368x2048.jpg 1368w, https:\/\/www.erdokovesd.hu\/wp-content\/uploads\/2020\/12\/1.jpg 1445w\" sizes=\"(max-width: 684px) 100vw, 684px\" \/><\/figure><\/li><\/ul><\/figure>\n\n\n\n<p>A fot\u00f3kat Sz\u00e1nt\u00f3n\u00e9 M\u00e1cs\u00e1r Brigitta k\u00e9sz\u00edtette<\/p>\n","protected":false},"excerpt":{"rendered":"<p>Kedves Olvas\u00f3! December 6-\u00e1n sz\u0171k csal\u00e1di k\u00f6rben adom\u00e1nyoztuk oda Szekeresn\u00e9 Gizell\u00e1nak Erd\u0151k\u00f6vesd d\u00edszpolg\u00e1ra c\u00edmet, aki m\u00e9lt\u00e1n meg\u00e9rdemli ezt a kit\u00fcntet\u00e9st. Innen is k\u00edv\u00e1nunk neki tov\u00e1bbi sok boldogs\u00e1got er\u0151t eg\u00e9szs\u00e9get csal\u00e1dja \u00e9s mindannyiunk k\u00f6r\u00e9ben. Al\u00e1bb&#46;&#46;&#46;<\/p>\n","protected":false},"author":1,"featured_media":690,"comment_status":"closed","ping_status":"open","sticky":false,"template":"","format":"standard","meta":{"footnotes":""},"categories":[17],"tags":[],"class_list":["post-681","post","type-post","status-publish","format-standard","has-post-thumbnail","hentry","category-hirek"],"_links":{"self":[{"href":"https:\/\/www.erdokovesd.hu\/index.php?rest_route=\/wp\/v2\/posts\/681","targetHints":{"allow":["GET"]}}],"collection":[{"href":"https:\/\/www.erdokovesd.hu\/index.php?rest_route=\/wp\/v2\/posts"}],"about":[{"href":"https:\/\/www.erdokovesd.hu\/index.php?rest_route=\/wp\/v2\/types\/post"}],"author":[{"embeddable":true,"href":"https:\/\/www.erdokovesd.hu\/index.php?rest_route=\/wp\/v2\/users\/1"}],"replies":[{"embeddable":true,"href":"https:\/\/www.erdokovesd.hu\/index.php?rest_route=%2Fwp%2Fv2%2Fcomments&post=681"}],"version-history":[{"count":10,"href":"https:\/\/www.erdokovesd.hu\/index.php?rest_route=\/wp\/v2\/posts\/681\/revisions"}],"predecessor-version":[{"id":698,"href":"https:\/\/www.erdokovesd.hu\/index.php?rest_route=\/wp\/v2\/posts\/681\/revisions\/698"}],"wp:featuredmedia":[{"embeddable":true,"href":"https:\/\/www.erdokovesd.hu\/index.php?rest_route=\/wp\/v2\/media\/690"}],"wp:attachment":[{"href":"https:\/\/www.erdokovesd.hu\/index.php?rest_route=%2Fwp%2Fv2%2Fmedia&parent=681"}],"wp:term":[{"taxonomy":"category","embeddable":true,"href":"https:\/\/www.erdokovesd.hu\/index.php?rest_route=%2Fwp%2Fv2%2Fcategories&post=681"},{"taxonomy":"post_tag","embeddable":true,"href":"https:\/\/www.erdokovesd.hu\/index.php?rest_route=%2Fwp%2Fv2%2Ftags&post=681"}],"curies":[{"name":"wp","href":"https:\/\/api.w.org\/{rel}","templated":true}]}}