{"id":705,"date":"2021-03-05T10:06:45","date_gmt":"2021-03-05T10:06:45","guid":{"rendered":"http:\/\/www.erdokovesd.hu\/?p=705"},"modified":"2021-03-05T11:47:27","modified_gmt":"2021-03-05T11:47:27","slug":"koronavirus-tajekoztatok-a-legujabb-valtoztatasokrol-marcius-5","status":"publish","type":"post","link":"https:\/\/www.erdokovesd.hu\/?p=705","title":{"rendered":"Koronav\u00edrus t\u00e1j\u00e9koztat\u00f3k a leg\u00fajabb v\u00e1ltoztat\u00e1sokr\u00f3l (m\u00e1rcius 5.)"},"content":{"rendered":"\n<p class=\"has-luminous-vivid-amber-background-color has-background\"><strong>A P\u00e9terv\u00e1s\u00e1rai K\u00f6z\u00f6s \u00d6nkorm\u00e1nyzati Hivatal 2021. m\u00e1rcius 8-t\u00f3l csak \u00fcgyeleti szinten m\u0171k\u00f6dik.<\/strong> <\/p>\n\n\n\n<ul class=\"wp-block-list\"><li>\u00dcgyint\u00e9z\u00e9s telefonon, vagy e-mailben t\u00f6rt\u00e9nik az al\u00e1bbi el\u00e9rhet\u0151s\u00e9geken:  36\/568-036, vagy 36\/568-037 Email: hivatal[kukac]petervasara.hu<\/li><li>Az <strong>Erd\u0151k\u00f6vesdi \u00d3vod\u00e1ban 2021. m\u00e1rcius 8-t\u00f3l 2021. \u00e1prilis 7-ig rendk\u00edv\u00fcli sz\u00fcnetet rendelt el az Emberi er\u0151forr\u00e1sok minisztere!<\/strong><\/li><li><strong>Erd\u0151k\u00f6vesd K\u00f6zs\u00e9g \u00d6nkorm\u00e1nyzat 2021. m\u00e1rcius 8. napj\u00e1t\u00f3l 2021. m\u00e1rcius 31-ig minden erd\u0151k\u00f6vesdi<\/strong> (b\u00f6lcs\u0151d\u00e9s, \u00f3vod\u00e1s, \u00e1ltal\u00e1nos iskol\u00e1s) <strong>gyermeknek <\/strong>\u2013 f\u00fcggetlen\u00fcl att\u00f3l, hogy helyben vagy m\u00e1s telep\u00fcl\u00e9sen j\u00e1r \u00f3vod\u00e1ba, iskol\u00e1ba, illetve t\u00e9r\u00edt\u00e9sk\u00f6telesen vagy ingyenesen \u00e9tkezik \u2013 <strong>t\u00e9r\u00edt\u00e9smentesen biztos\u00edtja az int\u00e9zm\u00e9nyi \u00e9tkez\u00e9st. <\/strong>Az iskolai, \u00f3vodai \u00e9tkez\u00e9s a telep\u00fcl\u00e9sre t\u00f6rt\u00e9n\u0151 kihord\u00e1ssal t\u00f6rt\u00e9nik, ahol az adagokat az ig\u00e9nyl\u0151k \u00e1tvehetik. <\/li><li>Az \u00e9tkez\u00e9si ig\u00e9nyt k\u00e9rj\u00fck, hogy munkanapokon 8.00-12.00 \u00f3ra k\u00f6z\u00f6tt a 06\/36-368-426-os telefonsz\u00e1mon jelezz\u00e9k. A nem a Tam\u00e1si \u00c1ron \u00c1ltal\u00e1nos Iskol\u00e1ba j\u00e1r\u00f3 gyermekek di\u00e1kigazolv\u00e1nnyal igazolj\u00e1k tanul\u00f3i jogviszonyukat.<\/li><li><strong>V\u00e1ltoz\u00e1sok <\/strong>az az <strong>Aranykapu <\/strong>Hum\u00e1n Szolg\u00e1ltat\u00f3 K\u00f6zpont szolg\u00e1ltat\u00e1saiban. (<a href=\"http:\/\/www.petervasara.hu\/2013\/wp-content\/uploads\/2021\/03\/aranykapu_0305.pdf\">let\u00f6lthet\u0151 itt<\/a>)<\/li><\/ul>\n\n\n\n<figure class=\"wp-block-image size-large\"><a href=\"http:\/\/www.petervasara.hu\/2013\/wp-content\/uploads\/2021\/03\/156639712_5182824288456916_3418812122577527039_o_0.jpg\"><img decoding=\"async\" src=\"http:\/\/www.petervasara.hu\/2013\/wp-content\/uploads\/2021\/03\/156639712_5182824288456916_3418812122577527039_o_0-761x1024.jpg\" alt=\"\" class=\"wp-image-10642\"\/><\/a><\/figure>\n","protected":false},"excerpt":{"rendered":"<p>A P\u00e9terv\u00e1s\u00e1rai K\u00f6z\u00f6s \u00d6nkorm\u00e1nyzati Hivatal 2021. m\u00e1rcius 8-t\u00f3l csak \u00fcgyeleti szinten m\u0171k\u00f6dik. \u00dcgyint\u00e9z\u00e9s telefonon, vagy e-mailben t\u00f6rt\u00e9nik az al\u00e1bbi el\u00e9rhet\u0151s\u00e9geken: 36\/568-036, vagy 36\/568-037 Email: hivatal[kukac]petervasara.hu Az Erd\u0151k\u00f6vesdi \u00d3vod\u00e1ban 2021. m\u00e1rcius 8-t\u00f3l 2021. \u00e1prilis 7-ig&#46;&#46;&#46;<\/p>\n","protected":false},"author":1,"featured_media":706,"comment_status":"closed","ping_status":"open","sticky":false,"template":"","format":"standard","meta":{"footnotes":""},"categories":[17],"tags":[26,23,27],"class_list":["post-705","post","type-post","status-publish","format-standard","has-post-thumbnail","hentry","category-hirek","tag-26","tag-koronavirus","tag-tajekoztato"],"_links":{"self":[{"href":"https:\/\/www.erdokovesd.hu\/index.php?rest_route=\/wp\/v2\/posts\/705","targetHints":{"allow":["GET"]}}],"collection":[{"href":"https:\/\/www.erdokovesd.hu\/index.php?rest_route=\/wp\/v2\/posts"}],"about":[{"href":"https:\/\/www.erdokovesd.hu\/index.php?rest_route=\/wp\/v2\/types\/post"}],"author":[{"embeddable":true,"href":"https:\/\/www.erdokovesd.hu\/index.php?rest_route=\/wp\/v2\/users\/1"}],"replies":[{"embeddable":true,"href":"https:\/\/www.erdokovesd.hu\/index.php?rest_route=%2Fwp%2Fv2%2Fcomments&post=705"}],"version-history":[{"count":2,"href":"https:\/\/www.erdokovesd.hu\/index.php?rest_route=\/wp\/v2\/posts\/705\/revisions"}],"predecessor-version":[{"id":709,"href":"https:\/\/www.erdokovesd.hu\/index.php?rest_route=\/wp\/v2\/posts\/705\/revisions\/709"}],"wp:featuredmedia":[{"embeddable":true,"href":"https:\/\/www.erdokovesd.hu\/index.php?rest_route=\/wp\/v2\/media\/706"}],"wp:attachment":[{"href":"https:\/\/www.erdokovesd.hu\/index.php?rest_route=%2Fwp%2Fv2%2Fmedia&parent=705"}],"wp:term":[{"taxonomy":"category","embeddable":true,"href":"https:\/\/www.erdokovesd.hu\/index.php?rest_route=%2Fwp%2Fv2%2Fcategories&post=705"},{"taxonomy":"post_tag","embeddable":true,"href":"https:\/\/www.erdokovesd.hu\/index.php?rest_route=%2Fwp%2Fv2%2Ftags&post=705"}],"curies":[{"name":"wp","href":"https:\/\/api.w.org\/{rel}","templated":true}]}}