{"id":719,"date":"2021-06-18T11:03:05","date_gmt":"2021-06-18T11:03:05","guid":{"rendered":"http:\/\/www.erdokovesd.hu\/?p=719"},"modified":"2021-06-18T11:03:07","modified_gmt":"2021-06-18T11:03:07","slug":"felhivas-parlagfu-elleni-vedekezesre","status":"publish","type":"post","link":"https:\/\/www.erdokovesd.hu\/?p=719","title":{"rendered":"Felh\u00edv\u00e1s \u2013 parlagf\u0171 elleni v\u00e9dekez\u00e9sre"},"content":{"rendered":"\n<p>Az \u00e9lelmiszerl\u00e1ncr\u00f3l \u00e9s hat\u00f3s\u00e1gi fel\u00fcgyelet\u00e9r\u0151l sz\u00f3l\u00f3 2008. \u00e9vi XLVI. t\u00f6rv\u00e9ny (a tov\u00e1bbiakban \u00c9ltv.) 17. \u00a7 (4) bekezd\u00e9se \u00e9rtelm\u00e9ben a f\u00f6ldhaszn\u00e1l\u00f3 k\u00f6teles az adott \u00e9v j\u00fanius 30. napj\u00e1ig az ingatlanon a parlagf\u0171 vir\u00e1gbimb\u00f3j\u00e1nak kialakul\u00e1s\u00e1t megakad\u00e1lyozni, \u00e9s ezt k\u00f6vet\u0151en ezt az \u00e1llapotot a veget\u00e1ci\u00f3s id\u0151szak v\u00e9g\u00e9ig folyamatosan fenntartani.<\/p>\n\n\n\n<p>Parlagf\u0171 elleni k\u00f6z\u00e9rdek\u0171 v\u00e9dekez\u00e9st kell elrendelni, ha a f\u00f6ldhaszn\u00e1l\u00f3 a parlagf\u0171 elleni v\u00e9dekez\u00e9si k\u00f6telezetts\u00e9g\u00e9nek nem tesz eleget. A k\u00f6z\u00e9rdek\u0171 v\u00e9dekez\u00e9st k\u00fclter\u00fcleten a Megyei Korm\u00e1nyhivatal N\u00f6v\u00e9ny- \u00e9s Talajv\u00e9delmi Igazgat\u00f3s\u00e1ga (a tov\u00e1bbiakban: NTI) belter\u00fcleten a jegyz\u0151 rendeli el.<\/p>\n\n\n\n<p>A helysz\u00edni ellen\u0151rz\u00e9sr\u0151l a f\u00f6ldhaszn\u00e1l\u00f3t el\u0151zetesen nem kell \u00e9rtes\u00edteni. A parlagf\u00fcves ter\u00fcletek ellen\u0151rz\u00e9s\u00e9t a veget\u00e1ci\u00f3s id\u0151szak befejez\u00e9s\u00e9ig k\u00fclter\u00fcleten a f\u00f6ldhivatalok, belter\u00fcleten a helyi \u00f6nkorm\u00e1nyzat jegyz\u0151je \u00e9s az NTI ellen\u0151rzik.<\/p>\n\n\n\n<p>B\u00edrs\u00e1g kiszab\u00e1s\u00e1ra k\u00fcl- \u00e9s belter\u00fcleten egyar\u00e1nt az NTI jogosult. A n\u00f6v\u00e9nyv\u00e9delmi b\u00edrs\u00e1got minden esetben ki kell szabni, a hat\u00f3s\u00e1gnak e tekintetben nincs m\u00e9rlegel\u00e9si lehet\u0151s\u00e9ge. A n\u00f6v\u00e9nyv\u00e9delmi b\u00edrs\u00e1g m\u00e9rt\u00e9k\u00e9t a parlagf\u0171vel fert\u0151z\u00f6tt ter\u00fclet m\u00e9rete \u00e9s a parlagf\u0171vel val\u00f3 fel\u00fcleti bor\u00edtotts\u00e1g hat\u00e1rozza meg. Amennyiben 3 \u00e9ven bel\u00fcl t\u00f6bb alkalommal sor ker\u00fcl egy f\u00f6ldhaszn\u00e1l\u00f3val szemben parlagf\u0171 fert\u0151z\u00f6tts\u00e9g miatt b\u00edrs\u00e1g kiszab\u00e1s\u00e1ra, ez esetben az ism\u00e9telten kiszabott b\u00edrs\u00e1g m\u00e9rt\u00e9ke m\u00e1r az ir\u00e1nyad\u00f3 b\u00edrs\u00e1gt\u00e9tel m\u00e1sf\u00e9lszerese.<\/p>\n\n\n\n<p class=\"has-luminous-vivid-amber-background-color has-background\"><strong>A n\u00f6v\u00e9nyv\u00e9delmi b\u00edrs\u00e1g m\u00e9rt\u00e9ke a v\u00e9dekez\u00e9si k\u00f6telezetts\u00e9g elmulaszt\u00e1sa eset\u00e9n \u2013 a parlagf\u0171vel fert\u0151z\u00f6tt ter\u00fclet nagys\u00e1g\u00e1t\u00f3l f\u00fcgg\u0151en \u2013 15 000 Ft-t\u00f3l 5 000 000 Ft-ig terjedhet.<\/strong><br><br><strong>Felh\u00edvjuk a lakoss\u00e1g figyelm\u00e9t, hogy a parlagf\u0171 elleni v\u00e9dekez\u00e9si \u00e9s gyommentes\u00edt\u00e9si k\u00f6telezetts\u00e9g\u00e9nek hat\u00e1rid\u0151ben (2021. j\u00fanius 30.) tegyen eleget.<\/strong><\/p>\n\n\n\n<figure class=\"wp-block-image size-large\"><img decoding=\"async\" width=\"725\" height=\"1024\" src=\"http:\/\/www.erdokovesd.hu\/wp-content\/uploads\/2021\/06\/parlagfu_kreativ_A4_page-0001-725x1024.jpg\" alt=\"\" class=\"wp-image-720\" srcset=\"https:\/\/www.erdokovesd.hu\/wp-content\/uploads\/2021\/06\/parlagfu_kreativ_A4_page-0001-725x1024.jpg 725w, https:\/\/www.erdokovesd.hu\/wp-content\/uploads\/2021\/06\/parlagfu_kreativ_A4_page-0001-212x300.jpg 212w, https:\/\/www.erdokovesd.hu\/wp-content\/uploads\/2021\/06\/parlagfu_kreativ_A4_page-0001-768x1085.jpg 768w, https:\/\/www.erdokovesd.hu\/wp-content\/uploads\/2021\/06\/parlagfu_kreativ_A4_page-0001-1087x1536.jpg 1087w, https:\/\/www.erdokovesd.hu\/wp-content\/uploads\/2021\/06\/parlagfu_kreativ_A4_page-0001.jpg 1241w\" sizes=\"(max-width: 725px) 100vw, 725px\" \/><\/figure>\n","protected":false},"excerpt":{"rendered":"<p>Az \u00e9lelmiszerl\u00e1ncr\u00f3l \u00e9s hat\u00f3s\u00e1gi fel\u00fcgyelet\u00e9r\u0151l sz\u00f3l\u00f3 2008. \u00e9vi XLVI. t\u00f6rv\u00e9ny (a tov\u00e1bbiakban \u00c9ltv.) 17. \u00a7 (4) bekezd\u00e9se \u00e9rtelm\u00e9ben a f\u00f6ldhaszn\u00e1l\u00f3 k\u00f6teles az adott \u00e9v j\u00fanius 30. napj\u00e1ig az ingatlanon a parlagf\u0171 vir\u00e1gbimb\u00f3j\u00e1nak kialakul\u00e1s\u00e1t megakad\u00e1lyozni,&#46;&#46;&#46;<\/p>\n","protected":false},"author":1,"featured_media":721,"comment_status":"closed","ping_status":"open","sticky":false,"template":"","format":"standard","meta":{"footnotes":""},"categories":[17],"tags":[],"class_list":["post-719","post","type-post","status-publish","format-standard","has-post-thumbnail","hentry","category-hirek"],"_links":{"self":[{"href":"https:\/\/www.erdokovesd.hu\/index.php?rest_route=\/wp\/v2\/posts\/719","targetHints":{"allow":["GET"]}}],"collection":[{"href":"https:\/\/www.erdokovesd.hu\/index.php?rest_route=\/wp\/v2\/posts"}],"about":[{"href":"https:\/\/www.erdokovesd.hu\/index.php?rest_route=\/wp\/v2\/types\/post"}],"author":[{"embeddable":true,"href":"https:\/\/www.erdokovesd.hu\/index.php?rest_route=\/wp\/v2\/users\/1"}],"replies":[{"embeddable":true,"href":"https:\/\/www.erdokovesd.hu\/index.php?rest_route=%2Fwp%2Fv2%2Fcomments&post=719"}],"version-history":[{"count":1,"href":"https:\/\/www.erdokovesd.hu\/index.php?rest_route=\/wp\/v2\/posts\/719\/revisions"}],"predecessor-version":[{"id":722,"href":"https:\/\/www.erdokovesd.hu\/index.php?rest_route=\/wp\/v2\/posts\/719\/revisions\/722"}],"wp:featuredmedia":[{"embeddable":true,"href":"https:\/\/www.erdokovesd.hu\/index.php?rest_route=\/wp\/v2\/media\/721"}],"wp:attachment":[{"href":"https:\/\/www.erdokovesd.hu\/index.php?rest_route=%2Fwp%2Fv2%2Fmedia&parent=719"}],"wp:term":[{"taxonomy":"category","embeddable":true,"href":"https:\/\/www.erdokovesd.hu\/index.php?rest_route=%2Fwp%2Fv2%2Fcategories&post=719"},{"taxonomy":"post_tag","embeddable":true,"href":"https:\/\/www.erdokovesd.hu\/index.php?rest_route=%2Fwp%2Fv2%2Ftags&post=719"}],"curies":[{"name":"wp","href":"https:\/\/api.w.org\/{rel}","templated":true}]}}