{"id":776,"date":"2022-08-09T08:27:08","date_gmt":"2022-08-09T08:27:08","guid":{"rendered":"https:\/\/www.erdokovesd.hu\/?p=776"},"modified":"2022-08-15T06:23:55","modified_gmt":"2022-08-15T06:23:55","slug":"i-foku-vizkorlatozas-elrendelese","status":"publish","type":"post","link":"https:\/\/www.erdokovesd.hu\/?p=776","title":{"rendered":"I. fok\u00fa v\u00edzkorl\u00e1toz\u00e1s elrendel\u00e9se"},"content":{"rendered":"\n<p>T\u00e1j\u00e9koztatjuk a tisztelt lakoss\u00e1got, hogy a \u00c9szakmagyarorsz\u00e1gi Region\u00e1lis V\u00edzm\u0171 Zrt. kezdem\u00e9nyez\u00e9s\u00e9re, a rendk\u00edv\u00fcl magas h\u0151m\u00e9rs\u00e9klet\u0171, csapad\u00e9k n\u00e9lk\u00fcli id\u0151j\u00e1r\u00e1s miatt jelentkez\u0151 ell\u00e1t\u00e1si probl\u00e9m\u00e1k megold\u00e1sak\u00e9nt, a folyamatos iv\u00f3v\u00edz ell\u00e1t\u00e1s \u00e9rdek\u00e9ben<strong> Halla Istv\u00e1n polg\u00e1rmester 2022. augusztus 8-t\u00f3l visszavon\u00e1sig I. fok\u00fa v\u00edzkorl\u00e1toz\u00e1st rendelt el.<\/strong><\/p>\n\n\n\n<p>A v\u00edzkorl\u00e1toz\u00e1s id\u0151tartama alatt a telep\u00fcl\u00e9s ter\u00fclet\u00e9n a takar\u00e9kos iv\u00f3v\u00edz felhaszn\u00e1l\u00e1s mellett tilos az iv\u00f3v\u00edz-h\u00e1l\u00f3zatr\u00f3l:<\/p>\n\n\n\n<ul class=\"wp-block-list\"><li><strong>tilos a kertek, parkok t\u00f6ml\u0151s \u00e9s \u00e1raszt\u00e1sos locsol\u00e1sa,<\/strong><\/li><li><strong>a g\u00e9pkocsik t\u00f6ml\u0151s mos\u00e1sa<\/strong>,<\/li><li><strong>tilos a h\u00e1zi medenc\u00e9k,<\/strong><\/li><li><strong>gy\u0171jt\u0151 tart\u00e1lyok iv\u00f3v\u00edzzel t\u00f6rt\u00e9n\u0151 t\u00f6lt\u00e9se<\/strong>,<\/li><li>Az \u00fczemi fogyaszt\u00f3k (\u00e9vi 10&nbsp;000 m<sup>3<\/sup>-n\u00e9l nagyobb v\u00edzmennyis\u00e9get felhaszn\u00e1l\u00f3k) \u2013 a kiemelt int\u00e9zm\u00e9nyek kiv\u00e9tel\u00e9vel \u2013 napi iv\u00f3v\u00edz-v\u00e9telez\u00e9s\u00fcket 10 %-kal k\u00f6telesek cs\u00f6kkenteni.<\/li><li>Az \u00fczemi fogyaszt\u00f3 kateg\u00f3ri\u00e1ba nem tartoz\u00f3 k\u00f6z\u00fcletek, \u00e9s int\u00e9zm\u00e9nyek \u2013 a kiemelt int\u00e9zm\u00e9nyeket kiv\u00e9ve \u2013 fogyaszt\u00e1sa az el\u0151z\u0151 \u00e9v t\u00e1rgyhavi fogyaszt\u00e1st nem haladhatja meg.<\/li><li>K\u00f6zutak locsol\u00e1sa, mos\u00e1sa tilos.<\/li><\/ul>\n\n\n\n<div data-wp-interactive=\"core\/file\" class=\"wp-block-file\"><object data-wp-bind--hidden=\"!state.hasPdfPreview\" hidden class=\"wp-block-file__embed\" data=\"https:\/\/www.erdokovesd.hu\/wp-content\/uploads\/2022\/08\/Erdokovesd-vizkorlatozo-hatarozat.pdf\" type=\"application\/pdf\" style=\"width:100%;height:600px\" aria-label=\"Erdokovesd-vizkorlatozo-hatarozat be\u00e1gyaz\u00e1sa be\u00e1gyaz\u00e1sa\"><\/object><a id=\"wp-block-file--media-e84ebb6b-f1f6-4c1d-8a0b-cd0a33b9e317\" href=\"https:\/\/www.erdokovesd.hu\/wp-content\/uploads\/2022\/08\/Erdokovesd-vizkorlatozo-hatarozat.pdf\">Erdokovesd-vizkorlatozo-hatarozat<\/a><a href=\"https:\/\/www.erdokovesd.hu\/wp-content\/uploads\/2022\/08\/Erdokovesd-vizkorlatozo-hatarozat.pdf\" class=\"wp-block-file__button\" download aria-describedby=\"wp-block-file--media-e84ebb6b-f1f6-4c1d-8a0b-cd0a33b9e317\">Let\u00f6lt\u00e9s<\/a><\/div>\n","protected":false},"excerpt":{"rendered":"<p>T\u00e1j\u00e9koztatjuk a tisztelt lakoss\u00e1got, hogy a \u00c9szakmagyarorsz\u00e1gi Region\u00e1lis V\u00edzm\u0171 Zrt. kezdem\u00e9nyez\u00e9s\u00e9re, a rendk\u00edv\u00fcl magas h\u0151m\u00e9rs\u00e9klet\u0171, csapad\u00e9k n\u00e9lk\u00fcli id\u0151j\u00e1r\u00e1s miatt jelentkez\u0151 ell\u00e1t\u00e1si probl\u00e9m\u00e1k megold\u00e1sak\u00e9nt, a folyamatos iv\u00f3v\u00edz ell\u00e1t\u00e1s \u00e9rdek\u00e9ben Halla Istv\u00e1n polg\u00e1rmester 2022. augusztus 8-t\u00f3l&#46;&#46;&#46;<\/p>\n","protected":false},"author":1,"featured_media":777,"comment_status":"closed","ping_status":"open","sticky":false,"template":"","format":"standard","meta":{"footnotes":""},"categories":[1],"tags":[28,4],"class_list":["post-776","post","type-post","status-publish","format-standard","has-post-thumbnail","hentry","category-egyeb","tag-28","tag-informacio"],"_links":{"self":[{"href":"https:\/\/www.erdokovesd.hu\/index.php?rest_route=\/wp\/v2\/posts\/776","targetHints":{"allow":["GET"]}}],"collection":[{"href":"https:\/\/www.erdokovesd.hu\/index.php?rest_route=\/wp\/v2\/posts"}],"about":[{"href":"https:\/\/www.erdokovesd.hu\/index.php?rest_route=\/wp\/v2\/types\/post"}],"author":[{"embeddable":true,"href":"https:\/\/www.erdokovesd.hu\/index.php?rest_route=\/wp\/v2\/users\/1"}],"replies":[{"embeddable":true,"href":"https:\/\/www.erdokovesd.hu\/index.php?rest_route=%2Fwp%2Fv2%2Fcomments&post=776"}],"version-history":[{"count":2,"href":"https:\/\/www.erdokovesd.hu\/index.php?rest_route=\/wp\/v2\/posts\/776\/revisions"}],"predecessor-version":[{"id":780,"href":"https:\/\/www.erdokovesd.hu\/index.php?rest_route=\/wp\/v2\/posts\/776\/revisions\/780"}],"wp:featuredmedia":[{"embeddable":true,"href":"https:\/\/www.erdokovesd.hu\/index.php?rest_route=\/wp\/v2\/media\/777"}],"wp:attachment":[{"href":"https:\/\/www.erdokovesd.hu\/index.php?rest_route=%2Fwp%2Fv2%2Fmedia&parent=776"}],"wp:term":[{"taxonomy":"category","embeddable":true,"href":"https:\/\/www.erdokovesd.hu\/index.php?rest_route=%2Fwp%2Fv2%2Fcategories&post=776"},{"taxonomy":"post_tag","embeddable":true,"href":"https:\/\/www.erdokovesd.hu\/index.php?rest_route=%2Fwp%2Fv2%2Ftags&post=776"}],"curies":[{"name":"wp","href":"https:\/\/api.w.org\/{rel}","templated":true}]}}