{"id":79,"date":"2018-11-12T06:51:53","date_gmt":"2018-11-12T06:51:53","guid":{"rendered":"http:\/\/www.petervasara.hu\/erdokovesd\/?p=79"},"modified":"2020-12-09T13:34:47","modified_gmt":"2020-12-09T13:34:47","slug":"polgarmesteri-hivatal","status":"publish","type":"post","link":"https:\/\/www.erdokovesd.hu\/?p=79","title":{"rendered":"Polg\u00e1rmesteri Hivatal"},"content":{"rendered":"<div class=\"article\">\n<h2>Erd\u0151k\u00f6vesd K\u00f6zs\u00e9g \u00d6nkorm\u00e1nyzata<\/h2>\n<h3>El\u00e9rhet\u0151s\u00e9gek<\/h3>\n<p>C\u00edm: 3252 Erd\u0151k\u00f6vesd, R\u00e1k\u00f3czi \u00fat 39.<br \/>\nTelefon: (36) 568-038, (36) 568-039<br \/>\nE-mail: <a href=\"mailto:gazd.ei@istenmezeje.t-online.hu\">penzugy.ekov@gmail.com<\/a><\/p>\n<h3>El\u00e9rhet\u0151s\u00e9gek<\/h3>\n<p><u>C\u00edm<\/u>: 3252 Erd\u0151k\u00f6vesd, R\u00e1k\u00f3czi \u00fat 39.<\/p>\n<p><u>Telefon<\/u><br \/>\nKirendelts\u00e9g: 36\/568-039<br \/>\ndr. Varga Attila &#8211; jegyz\u0151: 36\/568-036<br \/>\nJegyz\u0151: jegyzo@petervasara.hu<\/p>\n<h3>\u00dcgyf\u00e9lfogad\u00e1s<\/h3>\n<p><u>\u00c1ltal\u00e1nos \u00fcgyint\u00e9z\u00e9s:<br \/>\n<\/u>P\u00e9terv\u00e1s\u00e1rai K\u00f6z\u00f6s \u00d6nkorm\u00e1nyzati Hivatal<u><br \/>\n<\/u>\u00dcgyf\u00e9lfogad\u00e1si napok: H\u00e9tf\u0151, Szerda, P\u00e9ntek 8-12 \u00f3r\u00e1ig<u><br \/>\n<\/u><\/p>\n<p><span style=\"text-decoration: underline;\">\u00dcgyint\u00e9z\u00e9s helyben:<\/span><br \/>\nH\u00e9tf\u0151: Az \u00fcgyf\u00e9lfogad\u00e1s sz\u00fcnetel<br \/>\nKedd, szerda, cs\u00fct\u00f6rt\u00f6k: 8-16<br \/>\nP\u00e9ntek: Az \u00fcgyf\u00e9lfogad\u00e1s sz\u00fcnetel<\/p>\n<p><u>Szoci\u00e1lis \u00e9s hagyat\u00e9ki \u00fcgyint\u00e9z\u00e9s<\/u><br \/>\nKedd: 9-12<br \/>\n\u00dcgyint\u00e9z\u0151: Cseszneg Edina<\/p>\n<\/div>\n","protected":false},"excerpt":{"rendered":"<p>Erd\u0151k\u00f6vesd K\u00f6zs\u00e9g \u00d6nkorm\u00e1nyzata El\u00e9rhet\u0151s\u00e9gek C\u00edm: 3252 Erd\u0151k\u00f6vesd, R\u00e1k\u00f3czi \u00fat 39. Telefon: (36) 568-038, (36) 568-039 E-mail: penzugy.ekov@gmail.com El\u00e9rhet\u0151s\u00e9gek C\u00edm: 3252 Erd\u0151k\u00f6vesd, R\u00e1k\u00f3czi \u00fat 39. Telefon Kirendelts\u00e9g: 36\/568-039 dr. Varga Attila &#8211; jegyz\u0151: 36\/568-036 Jegyz\u0151:&#46;&#46;&#46;<\/p>\n","protected":false},"author":1,"featured_media":80,"comment_status":"closed","ping_status":"open","sticky":false,"template":"","format":"standard","meta":{"footnotes":""},"categories":[14],"tags":[4,12,13],"class_list":["post-79","post","type-post","status-publish","format-standard","has-post-thumbnail","hentry","category-onkormanyzat","tag-informacio","tag-onkormanyzat","tag-ugyintezes"],"_links":{"self":[{"href":"https:\/\/www.erdokovesd.hu\/index.php?rest_route=\/wp\/v2\/posts\/79","targetHints":{"allow":["GET"]}}],"collection":[{"href":"https:\/\/www.erdokovesd.hu\/index.php?rest_route=\/wp\/v2\/posts"}],"about":[{"href":"https:\/\/www.erdokovesd.hu\/index.php?rest_route=\/wp\/v2\/types\/post"}],"author":[{"embeddable":true,"href":"https:\/\/www.erdokovesd.hu\/index.php?rest_route=\/wp\/v2\/users\/1"}],"replies":[{"embeddable":true,"href":"https:\/\/www.erdokovesd.hu\/index.php?rest_route=%2Fwp%2Fv2%2Fcomments&post=79"}],"version-history":[{"count":4,"href":"https:\/\/www.erdokovesd.hu\/index.php?rest_route=\/wp\/v2\/posts\/79\/revisions"}],"predecessor-version":[{"id":696,"href":"https:\/\/www.erdokovesd.hu\/index.php?rest_route=\/wp\/v2\/posts\/79\/revisions\/696"}],"wp:featuredmedia":[{"embeddable":true,"href":"https:\/\/www.erdokovesd.hu\/index.php?rest_route=\/wp\/v2\/media\/80"}],"wp:attachment":[{"href":"https:\/\/www.erdokovesd.hu\/index.php?rest_route=%2Fwp%2Fv2%2Fmedia&parent=79"}],"wp:term":[{"taxonomy":"category","embeddable":true,"href":"https:\/\/www.erdokovesd.hu\/index.php?rest_route=%2Fwp%2Fv2%2Fcategories&post=79"},{"taxonomy":"post_tag","embeddable":true,"href":"https:\/\/www.erdokovesd.hu\/index.php?rest_route=%2Fwp%2Fv2%2Ftags&post=79"}],"curies":[{"name":"wp","href":"https:\/\/api.w.org\/{rel}","templated":true}]}}