{"id":799,"date":"2022-03-30T12:31:00","date_gmt":"2022-03-30T12:31:00","guid":{"rendered":"https:\/\/www.erdokovesd.hu\/?p=799"},"modified":"2022-08-30T12:36:32","modified_gmt":"2022-08-30T12:36:32","slug":"unnepi-megemlekezes-az-1848-49-es-forradalom-es-szabadsagharcrol-erdokovesden","status":"publish","type":"post","link":"https:\/\/www.erdokovesd.hu\/?p=799","title":{"rendered":"\u00dcnnepi megeml\u00e9kez\u00e9s az 1848\/49-es forradalom \u00e9s szabads\u00e1gharcr\u00f3l Erd\u0151k\u00f6vesden."},"content":{"rendered":"\n<p>Az egybegy\u0171lteket Halla Istv\u00e1n polg\u00e1rmester \u00far k\u00f6sz\u00f6nt\u00f6tte. Besz\u00e9d\u00e9ben kiemelte:<\/p>\n\n\n\n<blockquote class=\"wp-block-quote is-layout-flow wp-block-quote-is-layout-flow\"><p>\u201eA mai napon kok\u00e1rd\u00e1k, nemzeti sz\u00edn\u0171 z\u00e1szl\u00f3k jelzik, jelk\u00e9pezik azt a rem\u00e9nyt \u00e9s bizakod\u00e1st, amelyet az akkori emberek \u00e9rezhettek, akik egy szebb \u00e9s boldogabb j\u00f6v\u0151ben hittek.<br><br>Feltehetj\u00fck magunkban a k\u00e9rd\u00e9st: az eltelt t\u00f6bb mint m\u00e1sf\u00e9l sz\u00e1z \u00e9v ut\u00e1n \u00e9rv\u00e9nyesek-e a m\u00e1rciusi ifjak szavai. A 12 pont el\u0151tt ott \u00e1ll egy mondat:<br><br>\u00a0 \u201e Legyen b\u00e9ke, szabads\u00e1g \u00e9s egyet\u00e9rt\u00e9s.\u201d<br><br>K\u00edv\u00e1nhatunk-e m\u00e1st, enn\u00e9l t\u00f6bbet a nemzet \u00fcnnep\u00e9n?<br><br>Hiszen a ma embere is b\u00fcszk\u00e9n, hittel \u00e9s magyark\u00e9nt akar itt dolgozni a K\u00e1rp\u00e1t-medenc\u00e9ben, mert munk\u00e1nk gy\u00fcm\u00f6lcsek\u00e9nt gyermekeink, unok\u00e1ink sz\u00e1m\u00e1ra egy jobb j\u00f6v\u0151t teremt\u00fcnk.<br><br>Mert a 48-as forradalomnak ez az igazi \u00fczenete: tegye mindenki azt, ami tud\u00e1sa szerint a legjobb \u00e9s a leghasznosabb, \u00e9s ne csak saj\u00e1t magunkra gondoljunk, hanem k\u00f6z\u00f6ss\u00e9g\u00fcnkre is.\u201d<\/p><\/blockquote>\n\n\n\n<figure class=\"wp-block-gallery has-nested-images columns-default is-cropped wp-block-gallery-1 is-layout-flex wp-block-gallery-is-layout-flex\">\n<figure class=\"wp-block-image size-large\"><img decoding=\"async\" width=\"410\" height=\"551\" data-id=\"800\" src=\"https:\/\/www.erdokovesd.hu\/wp-content\/uploads\/2022\/08\/Kep12.jpg\" alt=\"\" class=\"wp-image-800\" srcset=\"https:\/\/www.erdokovesd.hu\/wp-content\/uploads\/2022\/08\/Kep12.jpg 410w, https:\/\/www.erdokovesd.hu\/wp-content\/uploads\/2022\/08\/Kep12-223x300.jpg 223w\" sizes=\"(max-width: 410px) 100vw, 410px\" \/><\/figure>\n<\/figure>\n\n\n\n<p>Felsz\u00f3lal\u00e1s\u00e1t k\u00f6vet\u0151en az Erd\u0151k\u00f6vesdi Kultur\u00e1lis csoport \u00f6ssze\u00e1ll\u00edt\u00e1sa k\u00f6vetkezett.<\/p>\n\n\n<div class=\"wp-block-image\">\n<figure class=\"aligncenter size-full\"><img decoding=\"async\" width=\"629\" height=\"472\" src=\"https:\/\/www.erdokovesd.hu\/wp-content\/uploads\/2022\/08\/Kep13.jpg\" alt=\"\" class=\"wp-image-801\" srcset=\"https:\/\/www.erdokovesd.hu\/wp-content\/uploads\/2022\/08\/Kep13.jpg 629w, https:\/\/www.erdokovesd.hu\/wp-content\/uploads\/2022\/08\/Kep13-300x225.jpg 300w\" sizes=\"(max-width: 629px) 100vw, 629px\" \/><\/figure><\/div>\n\n\n<p>A megeml\u00e9kez\u00e9s z\u00e1r\u00e1sak\u00e9nt koszor\u00faz\u00e1s volt a templom fal\u00e1n elhelyezett Orczy eml\u00e9kt\u00e1bl\u00e1n\u00e1l.<\/p>\n\n\n<div class=\"wp-block-image\">\n<figure class=\"aligncenter size-full\"><img decoding=\"async\" width=\"414\" height=\"557\" src=\"https:\/\/www.erdokovesd.hu\/wp-content\/uploads\/2022\/08\/Kep14.jpg\" alt=\"\" class=\"wp-image-802\" srcset=\"https:\/\/www.erdokovesd.hu\/wp-content\/uploads\/2022\/08\/Kep14.jpg 414w, https:\/\/www.erdokovesd.hu\/wp-content\/uploads\/2022\/08\/Kep14-223x300.jpg 223w\" sizes=\"(max-width: 414px) 100vw, 414px\" \/><\/figure><\/div>","protected":false},"excerpt":{"rendered":"<p>Az egybegy\u0171lteket Halla Istv\u00e1n polg\u00e1rmester \u00far k\u00f6sz\u00f6nt\u00f6tte. Besz\u00e9d\u00e9ben kiemelte: \u201eA mai napon kok\u00e1rd\u00e1k, nemzeti sz\u00edn\u0171 z\u00e1szl\u00f3k jelzik, jelk\u00e9pezik azt a rem\u00e9nyt \u00e9s bizakod\u00e1st, amelyet az akkori emberek \u00e9rezhettek, akik egy szebb \u00e9s boldogabb j\u00f6v\u0151ben&#46;&#46;&#46;<\/p>\n","protected":false},"author":1,"featured_media":802,"comment_status":"closed","ping_status":"open","sticky":false,"template":"","format":"standard","meta":{"footnotes":""},"categories":[17],"tags":[28,12,19,37],"class_list":["post-799","post","type-post","status-publish","format-standard","has-post-thumbnail","hentry","category-hirek","tag-28","tag-onkormanyzat","tag-rendezveny","tag-unnepseg"],"_links":{"self":[{"href":"https:\/\/www.erdokovesd.hu\/index.php?rest_route=\/wp\/v2\/posts\/799","targetHints":{"allow":["GET"]}}],"collection":[{"href":"https:\/\/www.erdokovesd.hu\/index.php?rest_route=\/wp\/v2\/posts"}],"about":[{"href":"https:\/\/www.erdokovesd.hu\/index.php?rest_route=\/wp\/v2\/types\/post"}],"author":[{"embeddable":true,"href":"https:\/\/www.erdokovesd.hu\/index.php?rest_route=\/wp\/v2\/users\/1"}],"replies":[{"embeddable":true,"href":"https:\/\/www.erdokovesd.hu\/index.php?rest_route=%2Fwp%2Fv2%2Fcomments&post=799"}],"version-history":[{"count":1,"href":"https:\/\/www.erdokovesd.hu\/index.php?rest_route=\/wp\/v2\/posts\/799\/revisions"}],"predecessor-version":[{"id":803,"href":"https:\/\/www.erdokovesd.hu\/index.php?rest_route=\/wp\/v2\/posts\/799\/revisions\/803"}],"wp:featuredmedia":[{"embeddable":true,"href":"https:\/\/www.erdokovesd.hu\/index.php?rest_route=\/wp\/v2\/media\/802"}],"wp:attachment":[{"href":"https:\/\/www.erdokovesd.hu\/index.php?rest_route=%2Fwp%2Fv2%2Fmedia&parent=799"}],"wp:term":[{"taxonomy":"category","embeddable":true,"href":"https:\/\/www.erdokovesd.hu\/index.php?rest_route=%2Fwp%2Fv2%2Fcategories&post=799"},{"taxonomy":"post_tag","embeddable":true,"href":"https:\/\/www.erdokovesd.hu\/index.php?rest_route=%2Fwp%2Fv2%2Ftags&post=799"}],"curies":[{"name":"wp","href":"https:\/\/api.w.org\/{rel}","templated":true}]}}