{"id":815,"date":"2022-09-07T08:11:57","date_gmt":"2022-09-07T08:11:57","guid":{"rendered":"https:\/\/www.erdokovesd.hu\/?p=815"},"modified":"2022-09-19T12:15:57","modified_gmt":"2022-09-19T12:15:57","slug":"falunap-2022","status":"publish","type":"post","link":"https:\/\/www.erdokovesd.hu\/?p=815","title":{"rendered":"Falunap 2022"},"content":{"rendered":"\n<p><strong>Erd\u0151k\u00f6vesd K\u00f6zs\u00e9g \u00d6nkorm\u00e1nyzata tisztelettel megh\u00edvja \u00d6nt \u00e9s p\u00e1rj\u00e1t a 2022. szeptember 24-\u00e9n tartand\u00f3 falunapi \u00fcnneps\u00e9gre. <\/strong><br><br>A rendezv\u00e9ny helysz\u00edne: <br>Hivatal \u00e9p\u00fclete \u00e9s parkol\u00f3ja,<br>Erd\u0151k\u00f6vesd, R\u00e1k\u00f3czi \u00fat 39.<\/p>\n\n\n\n<p>D\u00e9lel\u0151tt:&nbsp; Par\u00e1df\u00fcrd\u0151i \u00c1llami K\u00f3rh\u00e1z Eg\u00e9szs\u00e9gfejleszt\u00e9si Iroda ingyenes sz\u0171r\u0151vizsg\u00e1lat<\/p>\n\n\n\n<p>13.<sup>00<\/sup> Megnyit\u00f3 &#8211; K\u00f6sz\u00f6nt\u00e9s<br>13.<sup>40<\/sup> Amat\u0151r hagyom\u00e1ny\u0151rz\u0151 csoportok m\u0171sora<br>16.<sup>30<\/sup> Palcs\u00f3 Tam\u00e1s koncertje<br>17.<sup>30<\/sup> Arcsi \u00e9s Marcsi retr\u00f3 m\u0171sora<br>19.<sup>00<\/sup> B\u00e1l &#8211; Cseh Ferenc \u00e9s Kelemen T\u00fcnde<\/p>\n\n\n\n<p>A r\u00e9szletes programok a plak\u00e1ton olvashat\u00f3ak:<\/p>\n\n\n\n<figure class=\"wp-block-image size-large\"><img decoding=\"async\" width=\"724\" height=\"1024\" src=\"https:\/\/www.erdokovesd.hu\/wp-content\/uploads\/2022\/09\/Plakat-A3-2022-724x1024.jpg\" alt=\"\" class=\"wp-image-822\" srcset=\"https:\/\/www.erdokovesd.hu\/wp-content\/uploads\/2022\/09\/Plakat-A3-2022-724x1024.jpg 724w, https:\/\/www.erdokovesd.hu\/wp-content\/uploads\/2022\/09\/Plakat-A3-2022-212x300.jpg 212w, https:\/\/www.erdokovesd.hu\/wp-content\/uploads\/2022\/09\/Plakat-A3-2022-768x1086.jpg 768w, https:\/\/www.erdokovesd.hu\/wp-content\/uploads\/2022\/09\/Plakat-A3-2022-1086x1536.jpg 1086w, https:\/\/www.erdokovesd.hu\/wp-content\/uploads\/2022\/09\/Plakat-A3-2022-1449x2048.jpg 1449w, https:\/\/www.erdokovesd.hu\/wp-content\/uploads\/2022\/09\/Plakat-A3-2022-scaled.jpg 1811w\" sizes=\"(max-width: 724px) 100vw, 724px\" \/><\/figure>\n","protected":false},"excerpt":{"rendered":"<p>Erd\u0151k\u00f6vesd K\u00f6zs\u00e9g \u00d6nkorm\u00e1nyzata tisztelettel megh\u00edvja \u00d6nt \u00e9s p\u00e1rj\u00e1t a 2022. szeptember 24-\u00e9n tartand\u00f3 falunapi \u00fcnneps\u00e9gre. A rendezv\u00e9ny helysz\u00edne: Hivatal \u00e9p\u00fclete \u00e9s parkol\u00f3ja,Erd\u0151k\u00f6vesd, R\u00e1k\u00f3czi \u00fat 39. D\u00e9lel\u0151tt:&nbsp; Par\u00e1df\u00fcrd\u0151i \u00c1llami K\u00f3rh\u00e1z Eg\u00e9szs\u00e9gfejleszt\u00e9si Iroda ingyenes sz\u0171r\u0151vizsg\u00e1lat 13.00&#46;&#46;&#46;<\/p>\n","protected":false},"author":1,"featured_media":817,"comment_status":"closed","ping_status":"open","sticky":false,"template":"","format":"standard","meta":{"footnotes":""},"categories":[17],"tags":[28,39,31,19],"class_list":["post-815","post","type-post","status-publish","format-standard","has-post-thumbnail","hentry","category-hirek","tag-28","tag-falunap","tag-meghivo","tag-rendezveny"],"_links":{"self":[{"href":"https:\/\/www.erdokovesd.hu\/index.php?rest_route=\/wp\/v2\/posts\/815","targetHints":{"allow":["GET"]}}],"collection":[{"href":"https:\/\/www.erdokovesd.hu\/index.php?rest_route=\/wp\/v2\/posts"}],"about":[{"href":"https:\/\/www.erdokovesd.hu\/index.php?rest_route=\/wp\/v2\/types\/post"}],"author":[{"embeddable":true,"href":"https:\/\/www.erdokovesd.hu\/index.php?rest_route=\/wp\/v2\/users\/1"}],"replies":[{"embeddable":true,"href":"https:\/\/www.erdokovesd.hu\/index.php?rest_route=%2Fwp%2Fv2%2Fcomments&post=815"}],"version-history":[{"count":2,"href":"https:\/\/www.erdokovesd.hu\/index.php?rest_route=\/wp\/v2\/posts\/815\/revisions"}],"predecessor-version":[{"id":823,"href":"https:\/\/www.erdokovesd.hu\/index.php?rest_route=\/wp\/v2\/posts\/815\/revisions\/823"}],"wp:featuredmedia":[{"embeddable":true,"href":"https:\/\/www.erdokovesd.hu\/index.php?rest_route=\/wp\/v2\/media\/817"}],"wp:attachment":[{"href":"https:\/\/www.erdokovesd.hu\/index.php?rest_route=%2Fwp%2Fv2%2Fmedia&parent=815"}],"wp:term":[{"taxonomy":"category","embeddable":true,"href":"https:\/\/www.erdokovesd.hu\/index.php?rest_route=%2Fwp%2Fv2%2Fcategories&post=815"},{"taxonomy":"post_tag","embeddable":true,"href":"https:\/\/www.erdokovesd.hu\/index.php?rest_route=%2Fwp%2Fv2%2Ftags&post=815"}],"curies":[{"name":"wp","href":"https:\/\/api.w.org\/{rel}","templated":true}]}}