{"id":825,"date":"2022-09-30T07:30:51","date_gmt":"2022-09-30T07:30:51","guid":{"rendered":"https:\/\/www.erdokovesd.hu\/?p=825"},"modified":"2022-09-30T07:30:51","modified_gmt":"2022-09-30T07:30:51","slug":"onkormanyzatunk-szamlaszam-valtozasai","status":"publish","type":"post","link":"https:\/\/www.erdokovesd.hu\/?p=825","title":{"rendered":"\u00d6nkorm\u00e1nyzatunk sz\u00e1mlasz\u00e1m v\u00e1ltoz\u00e1sai"},"content":{"rendered":"\n<p>Tisztelt Ad\u00f3z\u00f3!<\/p>\n\n\n\n<p>T\u00e1j\u00e9koztatom, hogy Erd\u0151k\u00f6vesd K\u00f6zs\u00e9g \u00d6nkorm\u00e1nyzat\u00e1nak <strong>p\u00e9nzint\u00e9zet v\u00e1lt\u00e1s k\u00f6vetkezt\u00e9ben az eddigi sz\u00e1ml\u00e1k\u00a02022. okt\u00f3ber 1. napj\u00e1t\u00f3l megsz\u0171nnek.<\/strong><\/p>\n\n\n\n<p>K\u00e9rj\u00fck az ad\u00f3z\u00f3kat, hogy a kor\u00e1bban kik\u00fcld\u00f6tt k\u00e9szp\u00e9nz \u00e1tutal\u00e1si megb\u00edz\u00e1sokra&nbsp;(csekkekre) <strong>2022. szeptember 30. ut\u00e1n m\u00e1r ne teljes\u00edtsenek befizet\u00e9st<\/strong>, illetve&nbsp;a r\u00e9gi sz\u00e1mlasz\u00e1mokra \u00e1tutal\u00e1st!<\/p>\n\n\n\n<p>Erd\u0151k\u00f6vesd K\u00f6zs\u00e9g \u00d6nkorm\u00e1nyzat sz\u00e1mlasz\u00e1mai:<\/p>\n\n\n\n<figure class=\"wp-block-table is-style-stripes\"><table><tbody><tr><td>Helyi Ipar\u0171z\u00e9si Ad\u00f3<\/td><td>50462607-10005745<\/td><\/tr><tr><td>El\u0151rehozott ad\u00f3<\/td><td>50462607-10005776<\/td><\/tr><tr><td>Talajterhel\u00e9si d\u00edj<\/td><td>50462607-10005783<\/td><\/tr><tr><td>Elj\u00e1r\u00e1si illet\u00e9k<\/td><td>50462607-10005927<\/td><\/tr><tr><td>B\u00edrs\u00e1g<\/td><td>50462607-10005941<\/td><\/tr><tr><td>K\u00e9sedelmi p\u00f3tl\u00e9k<\/td><td>50462607-10005958<\/td><\/tr><tr><td>G\u00e9pj\u00e1rm\u0171ad\u00f3<\/td><td>50462607-10005972<\/td><\/tr><\/tbody><\/table><\/figure>\n\n\n\n<p>dr. Varga Attila \u2013 jegyz\u0151<\/p>\n","protected":false},"excerpt":{"rendered":"<p>Tisztelt Ad\u00f3z\u00f3! T\u00e1j\u00e9koztatom, hogy Erd\u0151k\u00f6vesd K\u00f6zs\u00e9g \u00d6nkorm\u00e1nyzat\u00e1nak p\u00e9nzint\u00e9zet v\u00e1lt\u00e1s k\u00f6vetkezt\u00e9ben az eddigi sz\u00e1ml\u00e1k\u00a02022. okt\u00f3ber 1. napj\u00e1t\u00f3l megsz\u0171nnek. K\u00e9rj\u00fck az ad\u00f3z\u00f3kat, hogy a kor\u00e1bban kik\u00fcld\u00f6tt k\u00e9szp\u00e9nz \u00e1tutal\u00e1si megb\u00edz\u00e1sokra&nbsp;(csekkekre) 2022. szeptember 30. ut\u00e1n m\u00e1r ne teljes\u00edtsenek&#46;&#46;&#46;<\/p>\n","protected":false},"author":1,"featured_media":826,"comment_status":"closed","ping_status":"open","sticky":false,"template":"","format":"standard","meta":{"footnotes":""},"categories":[1],"tags":[28,4,12],"class_list":["post-825","post","type-post","status-publish","format-standard","has-post-thumbnail","hentry","category-egyeb","tag-28","tag-informacio","tag-onkormanyzat"],"_links":{"self":[{"href":"https:\/\/www.erdokovesd.hu\/index.php?rest_route=\/wp\/v2\/posts\/825","targetHints":{"allow":["GET"]}}],"collection":[{"href":"https:\/\/www.erdokovesd.hu\/index.php?rest_route=\/wp\/v2\/posts"}],"about":[{"href":"https:\/\/www.erdokovesd.hu\/index.php?rest_route=\/wp\/v2\/types\/post"}],"author":[{"embeddable":true,"href":"https:\/\/www.erdokovesd.hu\/index.php?rest_route=\/wp\/v2\/users\/1"}],"replies":[{"embeddable":true,"href":"https:\/\/www.erdokovesd.hu\/index.php?rest_route=%2Fwp%2Fv2%2Fcomments&post=825"}],"version-history":[{"count":1,"href":"https:\/\/www.erdokovesd.hu\/index.php?rest_route=\/wp\/v2\/posts\/825\/revisions"}],"predecessor-version":[{"id":827,"href":"https:\/\/www.erdokovesd.hu\/index.php?rest_route=\/wp\/v2\/posts\/825\/revisions\/827"}],"wp:featuredmedia":[{"embeddable":true,"href":"https:\/\/www.erdokovesd.hu\/index.php?rest_route=\/wp\/v2\/media\/826"}],"wp:attachment":[{"href":"https:\/\/www.erdokovesd.hu\/index.php?rest_route=%2Fwp%2Fv2%2Fmedia&parent=825"}],"wp:term":[{"taxonomy":"category","embeddable":true,"href":"https:\/\/www.erdokovesd.hu\/index.php?rest_route=%2Fwp%2Fv2%2Fcategories&post=825"},{"taxonomy":"post_tag","embeddable":true,"href":"https:\/\/www.erdokovesd.hu\/index.php?rest_route=%2Fwp%2Fv2%2Ftags&post=825"}],"curies":[{"name":"wp","href":"https:\/\/api.w.org\/{rel}","templated":true}]}}