{"id":828,"date":"2022-10-03T13:04:57","date_gmt":"2022-10-03T13:04:57","guid":{"rendered":"https:\/\/www.erdokovesd.hu\/?p=828"},"modified":"2022-10-05T11:32:05","modified_gmt":"2022-10-05T11:32:05","slug":"bursa-hungarica-palayzat-2023","status":"publish","type":"post","link":"https:\/\/www.erdokovesd.hu\/?p=828","title":{"rendered":"BURSA Hungarica p\u00e1ly\u00e1zat &#8211; 2023"},"content":{"rendered":"\n<p>Az Emberi Er\u0151forr\u00e1sok Miniszt\u00e9riuma megb\u00edz\u00e1s\u00e1b\u00f3l az Emberi Er\u0151forr\u00e1s T\u00e1mogat\u00e1skezel\u0151 <strong>ny\u00edlt p\u00e1ly\u00e1zat<\/strong> keret\u00e9ben meghirdeti a Bursa Hungarica Fels\u0151oktat\u00e1si \u00d6nkorm\u00e1nyzati \u00d6szt\u00f6nd\u00edjp\u00e1ly\u00e1zatot <strong>fels\u0151oktat\u00e1si tanulm\u00e1nyokat kezdeni k\u00edv\u00e1n\u00f3, \u00e9s tanulm\u00e1nyaikat folytat\u00f3 fiatalok<\/strong> sz\u00e1m\u00e1ra.<\/p>\n\n\n\n<p>A p\u00e1ly\u00e1zat beny\u00fajt\u00e1s\u00e1nak hat\u00e1rideje:<strong> 2022. november 3.<\/strong><\/p>\n\n\n\n<hr class=\"wp-block-separator has-alpha-channel-opacity\"\/>\n\n\n\n<p>Az al\u00e1bbiakban el\u00e9rhet\u0151 a felh\u00edv\u00e1s \u00e9s mell\u00e9kletei:<\/p>\n\n\n\n<p>A felh\u00edv\u00e1s k\u00f3dja: <a href=\"https:\/\/emet.gov.hu\/bursa-2023-a-felhivas-palyazok-reszere\/\">BURSA-2023 A<\/a><\/p>\n\n\n\n<p>A felh\u00edv\u00e1s k\u00f3dja: <a href=\"https:\/\/emet.gov.hu\/bursa-2023-b-felhivas-palyazok-reszere\/\" target=\"_blank\" rel=\"noreferrer noopener\">BURSA-2023 B<\/a><\/p>\n","protected":false},"excerpt":{"rendered":"<p>Az Emberi Er\u0151forr\u00e1sok Miniszt\u00e9riuma megb\u00edz\u00e1s\u00e1b\u00f3l az Emberi Er\u0151forr\u00e1s T\u00e1mogat\u00e1skezel\u0151 ny\u00edlt p\u00e1ly\u00e1zat keret\u00e9ben meghirdeti a Bursa Hungarica Fels\u0151oktat\u00e1si \u00d6nkorm\u00e1nyzati \u00d6szt\u00f6nd\u00edjp\u00e1ly\u00e1zatot fels\u0151oktat\u00e1si tanulm\u00e1nyokat kezdeni k\u00edv\u00e1n\u00f3, \u00e9s tanulm\u00e1nyaikat folytat\u00f3 fiatalok sz\u00e1m\u00e1ra. A p\u00e1ly\u00e1zat beny\u00fajt\u00e1s\u00e1nak hat\u00e1rideje: 2022. november&#46;&#46;&#46;<\/p>\n","protected":false},"author":1,"featured_media":829,"comment_status":"closed","ping_status":"open","sticky":false,"template":"","format":"standard","meta":{"footnotes":""},"categories":[17],"tags":[28,4,40,12],"class_list":["post-828","post","type-post","status-publish","format-standard","has-post-thumbnail","hentry","category-hirek","tag-28","tag-informacio","tag-oktatas","tag-onkormanyzat"],"_links":{"self":[{"href":"https:\/\/www.erdokovesd.hu\/index.php?rest_route=\/wp\/v2\/posts\/828","targetHints":{"allow":["GET"]}}],"collection":[{"href":"https:\/\/www.erdokovesd.hu\/index.php?rest_route=\/wp\/v2\/posts"}],"about":[{"href":"https:\/\/www.erdokovesd.hu\/index.php?rest_route=\/wp\/v2\/types\/post"}],"author":[{"embeddable":true,"href":"https:\/\/www.erdokovesd.hu\/index.php?rest_route=\/wp\/v2\/users\/1"}],"replies":[{"embeddable":true,"href":"https:\/\/www.erdokovesd.hu\/index.php?rest_route=%2Fwp%2Fv2%2Fcomments&post=828"}],"version-history":[{"count":3,"href":"https:\/\/www.erdokovesd.hu\/index.php?rest_route=\/wp\/v2\/posts\/828\/revisions"}],"predecessor-version":[{"id":832,"href":"https:\/\/www.erdokovesd.hu\/index.php?rest_route=\/wp\/v2\/posts\/828\/revisions\/832"}],"wp:featuredmedia":[{"embeddable":true,"href":"https:\/\/www.erdokovesd.hu\/index.php?rest_route=\/wp\/v2\/media\/829"}],"wp:attachment":[{"href":"https:\/\/www.erdokovesd.hu\/index.php?rest_route=%2Fwp%2Fv2%2Fmedia&parent=828"}],"wp:term":[{"taxonomy":"category","embeddable":true,"href":"https:\/\/www.erdokovesd.hu\/index.php?rest_route=%2Fwp%2Fv2%2Fcategories&post=828"},{"taxonomy":"post_tag","embeddable":true,"href":"https:\/\/www.erdokovesd.hu\/index.php?rest_route=%2Fwp%2Fv2%2Ftags&post=828"}],"curies":[{"name":"wp","href":"https:\/\/api.w.org\/{rel}","templated":true}]}}