{"id":895,"date":"2022-12-01T11:25:43","date_gmt":"2022-12-01T11:25:43","guid":{"rendered":"https:\/\/www.erdokovesd.hu\/?p=895"},"modified":"2022-12-01T11:25:43","modified_gmt":"2022-12-01T11:25:43","slug":"tajekoztato-a-temeto-rend-valtozasarol","status":"publish","type":"post","link":"https:\/\/www.erdokovesd.hu\/?p=895","title":{"rendered":"T\u00e1j\u00e9koztat\u00f3 a temet\u0151 rend v\u00e1ltoz\u00e1s\u00e1r\u00f3l"},"content":{"rendered":"\n<p>A temet\u0151 tulajdonosa \u00e9s \u00fczemeltet\u0151je : <br>Erd\u0151k\u00f6vesd K\u00f6zs\u00e9g \u00d6nkorm\u00e1nyzata (3252. Erd\u0151k\u00f6vesd, R\u00e1k\u00f3czi \u00fat 39.)<\/p>\n\n\n\n<p><strong>A temet\u0151 nyitvatart\u00e1sa:<\/strong><\/p>\n\n\n\n<ul class=\"wp-block-list\">\n<li>foly\u00f3 \u00e9v \u00e1prilis 1 &#8211; szeptember 30-ig : reggel 7 &#8211; este 19 \u00f3r\u00e1ig<\/li>\n\n\n\n<li>okt\u00f3ber 1 &#8211; m\u00e1rcius 31-ig: reggel 8 &#8211; este 18 \u00f3r\u00e1ig<\/li>\n\n\n\n<li>kiv\u00e9tel: mindenszentek k\u00f6r\u00fcli napok, miserend id\u0151pontok<\/li>\n\n\n\n<li>a nyitvatart\u00e1si id\u0151 alatt a temet\u0151t b\u00e1rki korl\u00e1toz\u00e1s n\u00e9lk\u00fcl l\u00e1togathatja, a s\u00edrokat gondozhatja<\/li>\n\n\n\n<li>a s\u00edrok gondoz\u00e1s\u00e1n, d\u00edsz\u00edt\u00e9s\u00e9n k\u00edv\u00fcl minden egy\u00e9b tev\u00e9kenys\u00e9get annak megkezd\u00e9se el\u0151tt az \u00fczemeltet\u0151nek be kell jelenteni<\/li>\n\n\n\n<li>az \u00fczemeletet\u0151 k\u00e9pviselet\u00e9ben jogosult elj\u00e1rni : Erd\u0151k\u00f6vesd polg\u00e1rmestere (30\/243-1545), falugondnok (20\/253-7000)<\/li>\n<\/ul>\n\n\n\n<p>A temet\u0151ben csak a s\u00edrok, s\u00edrboltok, s\u00edreml\u00e9kek d\u00edsz\u00edt\u00e9s\u00e9re szolg\u00e1l\u00f3 t\u00e1rgyak (koszor\u00fak, v\u00e1z\u00e1k, vir\u00e1gok, m\u00e9csesek, gyerty\u00e1k stb.) helyezhet\u0151ek el. Szemetet kiz\u00e1r\u00f3lag az arra kijel\u00f6lt helyen szabad letenni.<\/p>\n\n\n\n<p>A temet\u0151n bel\u00fcli \u00fath\u00e1l\u00f3zatot g\u00e9pj\u00e1rm\u0171vel is j\u00e1rhat\u00f3 \u00e1llapotban kell tartani.<\/p>\n\n\n\n<p>A temet\u0151ben <strong>TILOS<\/strong> j\u00e1rm\u0171vel k\u00f6zlekedni, kiv\u00e9ve s\u00falyos mozg\u00e1skorl\u00e1tozott szem\u00e9lyt sz\u00e1ll\u00edt\u00f3 j\u00e1rm\u0171vel, a temetkez\u00e9si tev\u00e9kenys\u00e9gben r\u00e9szt vev\u0151 j\u00e1rm\u0171vel, valamint a templomi mis\u00e9re \u00e9rkez\u00e9s t\u00e1voz\u00e1s j\u00e1rm\u0171vei. <strong>Az \u00fczemeltet\u0151 t\u00e9r\u00edt\u00e9s ellen\u00e9ben a munkav\u00e9gz\u00e9s c\u00e9lj\u00e1b\u00f3l behajt\u00f3 j\u00e1rm\u0171veknek behajt\u00e1si enged\u00e9lyt adhat.<\/strong><\/p>\n\n\n\n<p>A temet\u0151 ter\u00fclet\u00e9n 12 \u00e9v alatti gyermek csak feln\u0151tt fel\u00fcgyelete mellett tart\u00f3zkodhat. Az \u00e1ltala okozott k\u00e1rok\u00e9rt a fel\u00fcgyel\u0151 tartozik felel\u0151ss\u00e9ggel.<\/p>\n","protected":false},"excerpt":{"rendered":"<p>A temet\u0151 tulajdonosa \u00e9s \u00fczemeltet\u0151je : Erd\u0151k\u00f6vesd K\u00f6zs\u00e9g \u00d6nkorm\u00e1nyzata (3252. Erd\u0151k\u00f6vesd, R\u00e1k\u00f3czi \u00fat 39.) A temet\u0151 nyitvatart\u00e1sa: A temet\u0151ben csak a s\u00edrok, s\u00edrboltok, s\u00edreml\u00e9kek d\u00edsz\u00edt\u00e9s\u00e9re szolg\u00e1l\u00f3 t\u00e1rgyak (koszor\u00fak, v\u00e1z\u00e1k, vir\u00e1gok, m\u00e9csesek, gyerty\u00e1k stb.) helyezhet\u0151ek&#46;&#46;&#46;<\/p>\n","protected":false},"author":1,"featured_media":896,"comment_status":"closed","ping_status":"open","sticky":false,"template":"","format":"standard","meta":{"footnotes":""},"categories":[17,14],"tags":[28,4,12],"class_list":["post-895","post","type-post","status-publish","format-standard","has-post-thumbnail","hentry","category-hirek","category-onkormanyzat","tag-28","tag-informacio","tag-onkormanyzat"],"_links":{"self":[{"href":"https:\/\/www.erdokovesd.hu\/index.php?rest_route=\/wp\/v2\/posts\/895","targetHints":{"allow":["GET"]}}],"collection":[{"href":"https:\/\/www.erdokovesd.hu\/index.php?rest_route=\/wp\/v2\/posts"}],"about":[{"href":"https:\/\/www.erdokovesd.hu\/index.php?rest_route=\/wp\/v2\/types\/post"}],"author":[{"embeddable":true,"href":"https:\/\/www.erdokovesd.hu\/index.php?rest_route=\/wp\/v2\/users\/1"}],"replies":[{"embeddable":true,"href":"https:\/\/www.erdokovesd.hu\/index.php?rest_route=%2Fwp%2Fv2%2Fcomments&post=895"}],"version-history":[{"count":1,"href":"https:\/\/www.erdokovesd.hu\/index.php?rest_route=\/wp\/v2\/posts\/895\/revisions"}],"predecessor-version":[{"id":897,"href":"https:\/\/www.erdokovesd.hu\/index.php?rest_route=\/wp\/v2\/posts\/895\/revisions\/897"}],"wp:featuredmedia":[{"embeddable":true,"href":"https:\/\/www.erdokovesd.hu\/index.php?rest_route=\/wp\/v2\/media\/896"}],"wp:attachment":[{"href":"https:\/\/www.erdokovesd.hu\/index.php?rest_route=%2Fwp%2Fv2%2Fmedia&parent=895"}],"wp:term":[{"taxonomy":"category","embeddable":true,"href":"https:\/\/www.erdokovesd.hu\/index.php?rest_route=%2Fwp%2Fv2%2Fcategories&post=895"},{"taxonomy":"post_tag","embeddable":true,"href":"https:\/\/www.erdokovesd.hu\/index.php?rest_route=%2Fwp%2Fv2%2Ftags&post=895"}],"curies":[{"name":"wp","href":"https:\/\/api.w.org\/{rel}","templated":true}]}}