{"id":920,"date":"2023-02-09T13:04:59","date_gmt":"2023-02-09T13:04:59","guid":{"rendered":"https:\/\/www.erdokovesd.hu\/?p=920"},"modified":"2023-02-09T13:04:59","modified_gmt":"2023-02-09T13:04:59","slug":"farsangi-mulatsag-a-gyerekeknek","status":"publish","type":"post","link":"https:\/\/www.erdokovesd.hu\/?p=920","title":{"rendered":"Farsangi mulats\u00e1g a gyerekeknek"},"content":{"rendered":"\n<p>Erd\u0151k\u00f6vesd K\u00f6zs\u00e9g \u00d6nkorm\u00e1nyzata farsangi mulats\u00e1got szervez 6 \u00e9vest\u0151l \u2013 14 \u00e9ves korig gyerekeknek.<\/p>\n\n\n\n<p class=\"has-text-align-center\"><strong>2023. febru\u00e1r 18-\u00e1n (szombaton) 16.00 \u00f3r\u00e1t\u00f3l 20.00 \u00f3r\u00e1ig az erd\u0151k\u00f6vesdi Kult\u00farh\u00e1zban.<\/strong><\/p>\n\n\n\n<figure class=\"wp-block-image size-large\"><img decoding=\"async\" width=\"724\" height=\"1024\" src=\"https:\/\/www.erdokovesd.hu\/wp-content\/uploads\/2023\/02\/Tisztelt-Szulok-Uj-724x1024.jpg\" alt=\"\" class=\"wp-image-921\" srcset=\"https:\/\/www.erdokovesd.hu\/wp-content\/uploads\/2023\/02\/Tisztelt-Szulok-Uj-724x1024.jpg 724w, https:\/\/www.erdokovesd.hu\/wp-content\/uploads\/2023\/02\/Tisztelt-Szulok-Uj-212x300.jpg 212w, https:\/\/www.erdokovesd.hu\/wp-content\/uploads\/2023\/02\/Tisztelt-Szulok-Uj-768x1086.jpg 768w, https:\/\/www.erdokovesd.hu\/wp-content\/uploads\/2023\/02\/Tisztelt-Szulok-Uj-1086x1536.jpg 1086w, https:\/\/www.erdokovesd.hu\/wp-content\/uploads\/2023\/02\/Tisztelt-Szulok-Uj-1448x2048.jpg 1448w, https:\/\/www.erdokovesd.hu\/wp-content\/uploads\/2023\/02\/Tisztelt-Szulok-Uj.jpg 1654w\" sizes=\"(max-width: 724px) 100vw, 724px\" \/><\/figure>\n","protected":false},"excerpt":{"rendered":"<p>Erd\u0151k\u00f6vesd K\u00f6zs\u00e9g \u00d6nkorm\u00e1nyzata farsangi mulats\u00e1got szervez 6 \u00e9vest\u0151l \u2013 14 \u00e9ves korig gyerekeknek. 2023. febru\u00e1r 18-\u00e1n (szombaton) 16.00 \u00f3r\u00e1t\u00f3l 20.00 \u00f3r\u00e1ig az erd\u0151k\u00f6vesdi Kult\u00farh\u00e1zban.<\/p>\n","protected":false},"author":1,"featured_media":922,"comment_status":"closed","ping_status":"open","sticky":false,"template":"","format":"standard","meta":{"footnotes":""},"categories":[17],"tags":[42,31,35,47],"class_list":["post-920","post","type-post","status-publish","format-standard","has-post-thumbnail","hentry","category-hirek","tag-42","tag-meghivo","tag-muvelodes","tag-program"],"_links":{"self":[{"href":"https:\/\/www.erdokovesd.hu\/index.php?rest_route=\/wp\/v2\/posts\/920","targetHints":{"allow":["GET"]}}],"collection":[{"href":"https:\/\/www.erdokovesd.hu\/index.php?rest_route=\/wp\/v2\/posts"}],"about":[{"href":"https:\/\/www.erdokovesd.hu\/index.php?rest_route=\/wp\/v2\/types\/post"}],"author":[{"embeddable":true,"href":"https:\/\/www.erdokovesd.hu\/index.php?rest_route=\/wp\/v2\/users\/1"}],"replies":[{"embeddable":true,"href":"https:\/\/www.erdokovesd.hu\/index.php?rest_route=%2Fwp%2Fv2%2Fcomments&post=920"}],"version-history":[{"count":1,"href":"https:\/\/www.erdokovesd.hu\/index.php?rest_route=\/wp\/v2\/posts\/920\/revisions"}],"predecessor-version":[{"id":923,"href":"https:\/\/www.erdokovesd.hu\/index.php?rest_route=\/wp\/v2\/posts\/920\/revisions\/923"}],"wp:featuredmedia":[{"embeddable":true,"href":"https:\/\/www.erdokovesd.hu\/index.php?rest_route=\/wp\/v2\/media\/922"}],"wp:attachment":[{"href":"https:\/\/www.erdokovesd.hu\/index.php?rest_route=%2Fwp%2Fv2%2Fmedia&parent=920"}],"wp:term":[{"taxonomy":"category","embeddable":true,"href":"https:\/\/www.erdokovesd.hu\/index.php?rest_route=%2Fwp%2Fv2%2Fcategories&post=920"},{"taxonomy":"post_tag","embeddable":true,"href":"https:\/\/www.erdokovesd.hu\/index.php?rest_route=%2Fwp%2Fv2%2Ftags&post=920"}],"curies":[{"name":"wp","href":"https:\/\/api.w.org\/{rel}","templated":true}]}}