{"id":925,"date":"2023-02-20T08:38:12","date_gmt":"2023-02-20T08:38:12","guid":{"rendered":"https:\/\/www.erdokovesd.hu\/?p=925"},"modified":"2023-02-20T08:38:12","modified_gmt":"2023-02-20T08:38:12","slug":"meghivo-foldi-viktoria-eloadasara","status":"publish","type":"post","link":"https:\/\/www.erdokovesd.hu\/?p=925","title":{"rendered":"Megh\u00edv\u00f3 F\u00f6ldi Vikt\u00f3ria el\u0151ad\u00e1s\u00e1ra"},"content":{"rendered":"<div class=\"wp-block-image\">\n<figure class=\"alignright size-full is-resized\"><img decoding=\"async\" src=\"https:\/\/www.erdokovesd.hu\/wp-content\/uploads\/2023\/02\/Kep1.jpg\" alt=\"\" class=\"wp-image-926\" width=\"351\" height=\"317\" srcset=\"https:\/\/www.erdokovesd.hu\/wp-content\/uploads\/2023\/02\/Kep1.jpg 660w, https:\/\/www.erdokovesd.hu\/wp-content\/uploads\/2023\/02\/Kep1-300x271.jpg 300w\" sizes=\"(max-width: 351px) 100vw, 351px\" \/><\/figure><\/div>\n\n\n<p>F\u00f6ldi Vikt\u00f3ria,\u00a0 a Magyar M\u0171v\u00e9szeti Akad\u00e9mia \u00f6szt\u00f6nd\u00edjasa nagy szeretettel megh\u00edvja \u00d6nt \u00e9s Kedves csal\u00e1dj\u00e1t<\/p>\n\n\n\n<p class=\"has-text-align-center\"><strong>\u201e\u2026Mikor a forr\u00e1sn\u00e1l K\u00f6vesden s\u00e9t\u00e1lt\u00e1l\u2026\u201d<\/strong><\/p>\n\n\n\n<p class=\"has-text-align-center\"><strong>Erd\u0151k\u00f6vesd t\u00f6rt\u00e9nete a 18-20. sz\u00e1zadban<\/strong><\/p>\n\n\n\n<p class=\"has-text-align-center\">c\u00edm\u0171 elad\u00e1s\u00e1ra,<\/p>\n\n\n\n<p class=\"has-text-align-center\">melyet az<strong><em>\u00a0Erd\u0151k\u00f6vesdi \u00d6nkorm\u00e1nyzat K\u00f6z\u00f6ss\u00e9gi term\u00e9ben tartunk\u00a0\u00a0 <\/em><\/strong><br><strong><em>2023. febru\u00e1r 25-\u00e9n 15 \u00f3rai kezdettel.<\/em><\/strong><\/p>\n\n\n\n<p><em>Helysz\u00edn: Erd\u0151k\u00f6vesd, R\u00e1k\u00f3czi u. 39.<\/em><\/p>\n\n\n\n<p>Erd\u0151k\u00f6vesd egy pici k\u00f6zs\u00e9g Heves v\u00e1rmegye \u00e9szaki r\u00e9sz\u00e9n, a Tarna-patak v\u00f6lgy\u00e9ben.&nbsp; A dombokkal, erd\u0151kkel k\u00f6r\u00fcl\u00f6lelt telep\u00fcl\u00e9s r\u00e9gi m\u00faltra tekint vissza. Mai jelleg\u00e9nek kialakul\u00e1s\u00e1ban nagy szerepet j\u00e1tszott az Orczy csal\u00e1d jelenl\u00e9te.&nbsp; Az el\u0151ad\u00e1s sor\u00e1n bemutat\u00e1sra ker\u00fcl Erd\u0151k\u00f6vesd t\u00f6rt\u00e9nete az 1700-as \u00e9vekt\u0151l napjainkig.&nbsp; Betekint\u00e9st kaphatnak a k\u00fcl\u00f6nf\u00e9le t\u00e1rsadalmi r\u00e9tegek \u00e9letm\u00f3dj\u00e1ba, egyes csal\u00e1dok t\u00f6rt\u00e9net\u00e9be. Felid\u00e9zz\u00fck azokat a neves szem\u00e9lyeket, akik egykoron a telep\u00fcl\u00e9s lak\u00f3i voltak \u00e9s orsz\u00e1gunk t\u00f6rt\u00e9net\u00e9t is befoly\u00e1solt\u00e1k.<\/p>\n\n\n\n<p><strong>Nagy szeretettel v\u00e1runk mindenkit, akit \u00e9rdekel Erd\u0151k\u00f6vesd m\u00faltja, jelene.<\/strong><\/p>\n\n\n\n<p>&nbsp;&nbsp;&nbsp;&nbsp;&nbsp;&nbsp;&nbsp;&nbsp;&nbsp;&nbsp;&nbsp;&nbsp;&nbsp;&nbsp;&nbsp;&nbsp;&nbsp;&nbsp;&nbsp;&nbsp;&nbsp;&nbsp;&nbsp;&nbsp;&nbsp;&nbsp;&nbsp;&nbsp;&nbsp;&nbsp;&nbsp;&nbsp;&nbsp;&nbsp;&nbsp; &nbsp;&nbsp;&nbsp;&nbsp;&nbsp;&nbsp;&nbsp;&nbsp;&nbsp;&nbsp;&nbsp;A rendezv\u00e9ny t\u00e1mogat\u00f3ja Erd\u0151k\u00f6vesd K\u00f6zs\u00e9g \u00d6nkorm\u00e1nyzata<\/p>\n","protected":false},"excerpt":{"rendered":"<p>F\u00f6ldi Vikt\u00f3ria,\u00a0 a Magyar M\u0171v\u00e9szeti Akad\u00e9mia \u00f6szt\u00f6nd\u00edjasa nagy szeretettel megh\u00edvja \u00d6nt \u00e9s Kedves csal\u00e1dj\u00e1t \u201e\u2026Mikor a forr\u00e1sn\u00e1l K\u00f6vesden s\u00e9t\u00e1lt\u00e1l\u2026\u201d Erd\u0151k\u00f6vesd t\u00f6rt\u00e9nete a 18-20. sz\u00e1zadban c\u00edm\u0171 elad\u00e1s\u00e1ra, melyet az\u00a0Erd\u0151k\u00f6vesdi \u00d6nkorm\u00e1nyzat K\u00f6z\u00f6ss\u00e9gi term\u00e9ben tartunk\u00a0\u00a0 2023. febru\u00e1r&#46;&#46;&#46;<\/p>\n","protected":false},"author":1,"featured_media":926,"comment_status":"closed","ping_status":"open","sticky":false,"template":"","format":"standard","meta":{"footnotes":""},"categories":[17],"tags":[48,49,31,35,12],"class_list":["post-925","post","type-post","status-publish","format-standard","has-post-thumbnail","hentry","category-hirek","tag-eloadas","tag-kultura","tag-meghivo","tag-muvelodes","tag-onkormanyzat"],"_links":{"self":[{"href":"https:\/\/www.erdokovesd.hu\/index.php?rest_route=\/wp\/v2\/posts\/925","targetHints":{"allow":["GET"]}}],"collection":[{"href":"https:\/\/www.erdokovesd.hu\/index.php?rest_route=\/wp\/v2\/posts"}],"about":[{"href":"https:\/\/www.erdokovesd.hu\/index.php?rest_route=\/wp\/v2\/types\/post"}],"author":[{"embeddable":true,"href":"https:\/\/www.erdokovesd.hu\/index.php?rest_route=\/wp\/v2\/users\/1"}],"replies":[{"embeddable":true,"href":"https:\/\/www.erdokovesd.hu\/index.php?rest_route=%2Fwp%2Fv2%2Fcomments&post=925"}],"version-history":[{"count":1,"href":"https:\/\/www.erdokovesd.hu\/index.php?rest_route=\/wp\/v2\/posts\/925\/revisions"}],"predecessor-version":[{"id":927,"href":"https:\/\/www.erdokovesd.hu\/index.php?rest_route=\/wp\/v2\/posts\/925\/revisions\/927"}],"wp:featuredmedia":[{"embeddable":true,"href":"https:\/\/www.erdokovesd.hu\/index.php?rest_route=\/wp\/v2\/media\/926"}],"wp:attachment":[{"href":"https:\/\/www.erdokovesd.hu\/index.php?rest_route=%2Fwp%2Fv2%2Fmedia&parent=925"}],"wp:term":[{"taxonomy":"category","embeddable":true,"href":"https:\/\/www.erdokovesd.hu\/index.php?rest_route=%2Fwp%2Fv2%2Fcategories&post=925"},{"taxonomy":"post_tag","embeddable":true,"href":"https:\/\/www.erdokovesd.hu\/index.php?rest_route=%2Fwp%2Fv2%2Ftags&post=925"}],"curies":[{"name":"wp","href":"https:\/\/api.w.org\/{rel}","templated":true}]}}