{"id":933,"date":"2023-04-03T11:03:32","date_gmt":"2023-04-03T11:03:32","guid":{"rendered":"https:\/\/www.erdokovesd.hu\/?p=933"},"modified":"2023-04-03T11:03:32","modified_gmt":"2023-04-03T11:03:32","slug":"tajekoztato-a-kutak-jegyzoi-hataskorbe-tartozo-engedelyezesi-eljarasarol","status":"publish","type":"post","link":"https:\/\/www.erdokovesd.hu\/?p=933","title":{"rendered":"T\u00e1j\u00e9koztat\u00f3 a kutak jegyz\u0151i hat\u00e1sk\u00f6rbe tartoz\u00f3 enged\u00e9lyez\u00e9si elj\u00e1r\u00e1s\u00e1r\u00f3l"},"content":{"rendered":"\n<p id=\"block-3275fb84-0760-4212-bc26-22af579868cc\">A hat\u00e1lyos jogi szab\u00e1lyoz\u00e1s &#8211; a v\u00edzgazd\u00e1lkod\u00e1sr\u00f3l sz\u00f3l\u00f3 1995. \u00e9vi LVII. t\u00f6rv\u00e9ny, valamint a v\u00edzgazd\u00e1lkod\u00e1si hat\u00f3s\u00e1gi jogk\u00f6r gyakorl\u00e1s\u00e1r\u00f3l sz\u00f3l\u00f3 72\/1996. (V.22.) Korm. rendelet &#8211; alapj\u00e1n a v\u00edzjogi l\u00e9tes\u00edt\u00e9si enged\u00e9ly n\u00e9lk\u00fcl meg\u00e9p\u00edtett v\u00edzi l\u00e9tes\u00edtm\u00e9nyekre- <strong>az \u00e1sott \u00e9s f\u00fart kutakra v\u00edzjogi fennmarad\u00e1si\/\u00fczemeltet\u00e9si enged\u00e9lyt kell k\u00e9rni <\/strong><strong>az <\/strong><strong>\u00e9rintetteknek.<\/strong><\/p>\n\n\n\n<p id=\"block-74ad9834-4e26-4e0c-9dfc-dbbec05e270e\"><strong>A telep\u00fcl\u00e9si \u00f6nkorm\u00e1nyzat jegyz\u0151j\u00e9nek enged\u00e9lye sz\u00fcks\u00e9ges <\/strong><strong>az olyan k\u00fat l\u00e9tes\u00edt\u00e9s\u00e9hez, \u00fczemeltet\u00e9s\u00e9hez, fennmarad\u00e1s\u00e1hoz \u00e9s megsz\u00fcntet\u00e9s\u00e9hez, amely a <\/strong><strong>k\u00f6vetkez\u0151 felt\u00e9teleket egy\u00fcttesen teljes\u00edti<\/strong><strong>:<\/strong><\/p>\n\n\n\n<ul class=\"wp-block-list\" id=\"block-1ff320ff-8a31-4532-a303-bd64523f8f23\">\n<li>a v\u00edzb\u00e1zisok, az iv\u00f3v\u00edzell\u00e1t\u00e1st szolg\u00e1l\u00f3 v\u00edzi l\u00e9tes\u00edtm\u00e9nyek v\u00e9delm\u00e9r\u0151l sz\u00f3l\u00f3 Korm. rendelet szerinti v\u00e9d\u0151ter\u00fclet, tov\u00e1bb\u00e1 karszt- vagy r\u00e9tegv\u00edzk\u00e9szlet \u00e9rint\u00e9se n\u00e9lk\u00fcl, \u00e9s <strong>500 m3<\/strong><strong>\/\u00e9v <\/strong><strong>v\u00edz ig\u00e9nybev\u00e9telt meg nem halad\u00f3an <\/strong><strong>kiz\u00e1r\u00f3lag talajv\u00edzk\u00e9szlet <\/strong><strong>felhaszn\u00e1l\u00e1s\u00e1val \u00fczemel,<\/strong><\/li>\n\n\n\n<li>\u00e9p\u00fclettel vagy annak \u00e9p\u00edt\u00e9s\u00e9re jogos\u00edt\u00f3 hat\u00f3s\u00e1gi hat\u00e1rozattal rendelkez\u0151 ingatlanon van, \u00e9s <strong>mag\u00e1nszem\u00e9lyek r\u00e9sz\u00e9r\u0151l a h\u00e1zi iv\u00f3v\u00edzig\u00e9ny \u00e9s a h\u00e1ztart\u00e1si ig\u00e9nyek kiel\u00e9g\u00edt\u00e9s\u00e9t szolg\u00e1lja, <\/strong>&#8211; <strong>nem gazdas\u00e1gi c\u00e9l\u00fa v\u00edzig\u00e9ny.<\/strong><\/li>\n<\/ul>\n\n\n\n<p id=\"block-1a11e695-c060-47a8-b4a6-4261da5fdd6d\">Az a l\u00e9tes\u00edt\u0151 vagy \u00fczemeltet\u0151, aki enged\u00e9ly n\u00e9lk\u00fcl 2021. janu\u00e1r 1. el\u0151tt l\u00e9tes\u00edtett vagy \u00fczemeltet felsz\u00edn alatti v\u00edzkiv\u00e9telt biztos\u00edt\u00f3 v\u00edzi l\u00e9tes\u00edtm\u00e9nyt (kutat), <strong>mentes\u00fcl a v\u00edz-gazd\u00e1lkod\u00e1si b\u00edrs\u00e1gkiszab\u00e1s al\u00f3l, <\/strong>(maxim\u00e1lisan kiszabhat\u00f3 <strong>b\u00edrs\u00e1g 300.000,-Ft) ha a v\u00edzjogi fennmarad\u00e1si\/\u00fczemeltet\u00e9si enged\u00e9lyez\u00e9si elj\u00e1r\u00e1st 2023. december 31-ig k\u00e9relmezi.<\/strong><\/p>\n\n\n\n<p id=\"block-421db922-a5ca-4c64-91ec-62c3b6099e0d\">E jogveszt\u0151 hat\u00e1rid\u0151n t\u00fali fennmarad\u00e1si, \u00fczemeltet\u00e9si enged\u00e9lyez\u00e9si hat\u00f3s\u00e1gi elj\u00e1r\u00e1s k\u00e9relmez\u00e9se eset\u00e9n, \u00e9s ha a k\u00e9relemben foglaltak alapj\u00e1n a fennmarad\u00e1si, \u00fczemeltet\u00e9si enged\u00e9ly megad\u00e1s\u00e1nak felt\u00e9telei egy\u00e9bk\u00e9nt fenn\u00e1llnak, az enged\u00e9ly kiad\u00e1s\u00e1val egyidej\u0171leg v\u00edzgazd\u00e1lkod\u00e1si b\u00edrs\u00e1g megfizet\u00e9s\u00e9re kell k\u00f6telezni az \u00e9rintett \u00fcgyfelet.<\/p>\n\n\n\n<p id=\"block-ee2cc23e-e0fe-45ca-9046-4310db790dc2\">A k\u00e9relemnek a t\u00e9nyleges megval\u00f3sul\u00e1si \u00e1llapotot tartalmaz\u00f3 dokument\u00e1ci\u00f3 a r\u00e9sze, amely jelen esetben a v\u00edzjogi enged\u00e9lyez\u00e9si elj\u00e1r\u00e1shoz sz\u00fcks\u00e9ges dokument\u00e1ci\u00f3 tartalm\u00e1r\u00f3l sz\u00f3l\u00f3 41\/2017. (XII.29.) BM rendelet 2. sz\u00e1m\u00fa mell\u00e9klet II. fejezete szerinti dokument\u00e1ci\u00f3t jelenti, melyet a k\u00e9relemhez minden esetben kit\u00f6ltve, a tulajdonosnak \u00e9s a 101\/2007. KvVM rendelet 13. \u00a7 (2) bekezd\u00e9s a)-b) pontja alapj\u00e1n megfelel\u0151 (igazolt) v\u00e9gzetts\u00e9ggel rendelkez\u0151 k\u00fatf\u00far\u00f3nak al\u00e1\u00edrva, csatolni kell.<\/p>\n\n\n\n<p id=\"block-ad5bb2f6-275d-45ce-ac38-a94cf991bad9\">Teh\u00e1t ez azt jelenti, hogy <strong><u>f\u00fart k\u00fatn\u00e1l<\/u><\/strong><strong> a jegyz\u0151i enged\u00e9lyes talajv\u00edzre<\/strong>, parti sz\u0171r\u00e9s\u0171 v\u00edzre sz\u0171r\u0151z\u00f6tt k\u00fathoz nem kell tervez\u0151i v\u00e9gzetts\u00e9g, nem kell Magyar M\u00e9rn\u00f6ki Kamarai tags\u00e1g, <strong>el\u00e9g ha a dokument\u00e1ci\u00f3t k\u00fatf\u00far\u00e1si jogosults\u00e1ggal rendelkez\u0151 szakember \u00edrja al\u00e1.<\/strong><\/p>\n\n\n\n<p id=\"block-e89b7ca5-39d0-4f77-9bcc-a11056b2cf46\">A k\u00fatf\u00far\u00e1si jogosults\u00e1got igazolni kell! (minimum OKJ k\u00fatf\u00far\u00f3 v\u00e9gzetts\u00e9g, a 101\/2007. (XII.23.) KvVM rendelet 13. \u00a7 (2) bekezd\u00e9s a) pontja \u00e9rtelm\u00e9ben)<\/p>\n\n\n\n<p id=\"block-db34bfe9-e75a-45ed-9073-32f93b075ea9\"><strong>Fontos, hogy<\/strong> <strong><u>\u00e1sott kutak eset\u00e9n<\/u><\/strong><strong> nem kell bevonni k\u00fatf\u00far\u00e1si jogosults\u00e1ggal rendelkez\u0151 szakembert!<\/strong> <strong>Ebben az esetben elegend\u0151 a tulajdonosnak, ingatlanhaszn\u00e1l\u00f3nak b\u00fcntet\u0151jogi felel\u0151ss\u00e9ge tudat\u00e1ban nyilatkozni, \u00e9s a k\u00e9relmet tov\u00e1bb\u00e1 a r\u00e9sz\u00e9t k\u00e9pez\u0151 adatlapot al\u00e1\u00edr\u00e1s\u00e1val hiteles\u00edtve beny\u00fajtania.<\/strong><\/p>\n\n\n\n<h3 class=\"wp-block-heading\" id=\"block-a6b61e52-e7f1-4139-b7b9-717063309dc8\"><strong><u>Az e<\/u><\/strong><strong><u>nged\u00e9lyez\u00e9si elj\u00e1r\u00e1s \u00fcgymenete:<\/u><\/strong><\/h3>\n\n\n\n<p id=\"block-d9c6db07-e1ff-405e-8b08-70113d50c418\">Az enged\u00e9lyez\u00e9si jogk\u00f6rbe tartoz\u00f3 <strong>k\u00fat fennmarad\u00e1sa, \u00fczemeltet\u00e9se ir\u00e1nti k\u00e9relmet \u00e9s dokument\u00e1ci\u00f3t P\u00e9terv\u00e1s\u00e1ra V\u00e1ros Jegyz\u0151j\u00e9nek c\u00edmezve<\/strong>, szem\u00e9lyesen a helyi Hivatalban, vagy a P\u00e9terv\u00e1s\u00e1rai K\u00f6z\u00f6s \u00d6nkorm\u00e1nyzati Hivatalban lehet beny\u00fajtani, illetve postai \u00faton a P\u00e9terv\u00e1s\u00e1rai K\u00f6z\u00f6s \u00d6nkorm\u00e1nyzati Hivatal 3250 P\u00e9terv\u00e1s\u00e1ra, Szabads\u00e1g t\u00e9r 1. c\u00edmre lehet tov\u00e1bb\u00edtani. <strong>A k\u00e9relem beny\u00fajt\u00e1sa illet\u00e9kmentes.<\/strong><\/p>\n\n\n\n<p id=\"block-6d924466-3295-40f7-9f01-2a87c1827760\"><strong>A k\u00e9relem \u00e9s a r\u00e9sz\u00e9t k\u00e9pez\u0151 adatlap nyomtatv\u00e1nya \u00e1tvehet\u0151 a helyi Hivatalban, illetve a P\u00e9terv\u00e1s\u00e1rai K\u00f6z\u00f6s \u00d6nkorm\u00e1nyzati Hivatal \u00dcgyf\u00e9lszolg\u00e1lat\u00e1n\u00e1l,<\/strong> <strong>valamint a telep\u00fcl\u00e9si honlapokr\u00f3l <\/strong>(<a href=\"http:\/\/www.petervasara.hu\">www.petervasara.hu<\/a>, <a href=\"http:\/\/www.erdokovesd.hu\">www.erdokovesd.hu<\/a>, <a href=\"http:\/\/www.ivad.hu\">www.ivad.hu<\/a>, <a href=\"http:\/\/www.kisfuzes.hu\">www.kisfuzes.hu<\/a>, <a href=\"http:\/\/www.varaszo.hu\">www.varaszo.hu<\/a>)<strong> is let\u00f6lthet\u0151.<\/strong><\/p>\n\n\n\n<p id=\"block-2a278cc5-9143-4ad4-859e-d788145397c5\"><strong>Minden esetben csatolni sz\u00fcks\u00e9ges f\u00e9nyk\u00e9pfelv\u00e9telt a k\u00fatr\u00f3l \u00e9s k\u00f6rnyezet\u00e9r\u0151l!!!<\/strong><\/p>\n\n\n\n<p id=\"block-a0cc0181-a347-4449-af20-d7f144b659cf\"><strong>A k\u00e9relemben el\u0151\u00edrt f\u00f6ldrajzi adatok meghat\u00e1roz\u00e1s\u00e1val kapcsolatban seg\u00edts\u00e9gk\u00e9nt, telep\u00fcl\u00e9senk\u00e9nti bont\u00e1sban az al\u00e1bbi l\u00e9nyeges inform\u00e1ci\u00f3kat k\u00f6z\u00f6lj\u00fck:<\/strong><\/p>\n\n\n\n<figure class=\"wp-block-table\"><table><thead><tr><th>Telep\u00fcl\u00e9s<\/th><th>F\u00f6ldrajzi adatok<\/th><\/tr><\/thead><tbody><tr><td><strong>F\u00f6ldrajzi koordin\u00e1t\u00e1k &#8211; Iv\u00e1d<\/strong><\/td><td>sz\u00e9less\u00e9g: <strong>48.022<\/strong>,<br>hossz\u00fas\u00e1g: <strong>20.062<\/strong><br>48\u00b0 1\u2032 19\u2033 \u00c9szak, 20\u00b0 3\u2032 43\u2033 Kelet<\/td><\/tr><tr><td><strong>Tengerszint feletti magass\u00e1g &#8211; Iv\u00e1d<\/strong><\/td><td>179 mBf<\/td><\/tr><tr><td><strong>F\u00f6ldrajzi koordin\u00e1t\u00e1k &#8211; Erd\u0151k\u00f6vesd<\/strong><\/td><td>sz\u00e9less\u00e9g: <strong>48.041<\/strong><br>hossz\u00fas\u00e1g: <strong>20.101<\/strong><br>48\u00b0 2\u2032 28\u2033 \u00c9szak, 20\u00b0 6\u2032 4\u2033 Kelet<\/td><\/tr><tr><td><strong>Tengerszint feletti magass\u00e1g &#8211; Erd\u0151k\u00f6vesd<\/strong><\/td><td>185 mBf<\/td><\/tr><tr><td><strong>F\u00f6ldrajzi koordin\u00e1t\u00e1k &#8211; Kisf\u00fczes<\/strong><\/td><td>sz\u00e9less\u00e9g: <strong>47.988<\/strong><br>Hossz\u00fas\u00e1g: <strong>20.127<\/strong><br>47\u00b0 59\u2032 17\u2033 \u00c9szak, 20\u00b0 7\u2032 37\u2033 Kelet<\/td><\/tr><tr><td><strong>Tengerszint feletti magass\u00e1g &#8211; Kisf\u00fczes<\/strong><\/td><td>179 mBf<\/td><\/tr><tr><td><strong>F\u00f6ldrajzi koordin\u00e1t\u00e1k &#8211; V\u00e1rasz\u00f3<\/strong><\/td><td>sz\u00e9less\u00e9g: <strong>48.06<\/strong><br>hossz\u00fas\u00e1g: <strong>20.112<\/strong><br>48\u00b0 3\u2032 36\u2033 \u00c9szak, 20\u00b0 6\u2032 43\u2033 Kelet<\/td><\/tr><tr><td><strong>Tengerszint feletti magass\u00e1g &#8211; V\u00e1rasz\u00f3<\/strong><\/td><td>190 mBf<\/td><\/tr><tr><td><strong>F\u00f6ldrajzi koordin\u00e1t\u00e1k &#8211; P\u00e9terv\u00e1s\u00e1ra<\/strong><\/td><td>sz\u00e9less\u00e9g: <strong>48.023<\/strong><br>hossz\u00fas\u00e1g: <strong>20.099<\/strong><br>48\u00b0 1\u2032 23\u2033 \u00c9szak, 20\u00b0 5\u2032 56\u2033 Kelet<\/td><\/tr><tr><td><strong>Tengerszint feletti magass\u00e1g &#8211; P\u00e9terv\u00e1s\u00e1ra<\/strong><\/td><td>170 mBf<\/td><\/tr><\/tbody><\/table><\/figure>\n\n\n\n<p>\ufeff<\/p>\n\n\n\n<p id=\"block-5c80e664-4bb1-4dae-bf36-021dc308b80c\"><strong>A k\u00fattal \u00e9rintett ingatlan koordin\u00e1ta adatai a google maps internetes port\u00e1lr\u00f3l, a pontos c\u00edm t\u00e9rk\u00e9pi lek\u00e9rdez\u00e9se \u00fatj\u00e1n, a kijel\u00f6l\u0151 jelre (ny\u00edlra) kattintva beazonos\u00edthat\u00f3.<\/strong><\/p>\n\n\n\n<p id=\"block-46a27639-53ac-42d2-bd98-2af598db634e\">Amennyiben az enged\u00e9ly n\u00e9lk\u00fcl, vagy att\u00f3l elt\u00e9r\u0151en megval\u00f3s\u00edtott v\u00edzi l\u00e9tes\u00edtm\u00e9ny (k\u00fat) v\u00edzgazd\u00e1lkod\u00e1si, k\u00f6rnyezet- vagy term\u00e9szetv\u00e9delmi szempontb\u00f3l k\u00e1ros \u00e9s ez \u00e1talak\u00edt\u00e1ssal sem sz\u00fcntethet\u0151 meg, az \u00e9p\u00edttet\u0151t a l\u00e9tes\u00edtm\u00e9ny megsz\u00fcntet\u00e9s\u00e9re (elbont\u00e1s\u00e1ra) kell k\u00f6telezni.<\/p>\n\n\n\n<p id=\"block-3721890b-875c-4aff-b1c6-2973a4ab4ce1\"><strong>\u00d6sszegezve, a v\u00edz\u00fcgyi \u00e1gazat c\u00e9lja a kutak enged\u00e9lyezett st\u00e1tuszba t\u00f6rt\u00e9n\u0151 sorol\u00e1s\u00e1val az, hogy e v\u00edzi l\u00e9tes\u00edtm\u00e9nyek regisztr\u00e1lva legyenek \u00e9s adatb\u00e1zisba ker\u00fcljenek.<\/strong><br><br><strong>Fontos hangs\u00falyozni, hogy<\/strong> <strong>csak a term\u00e9szetes szem\u00e9lyek<\/strong> <strong>h\u00e1ztart\u00e1si c\u00e9l\u00fa v\u00edzsz\u00fcks\u00e9glet\u00e9t kiel\u00e9g\u00edt\u0151 kutak enged\u00e9lyez\u00e9si \u00fcgyeiben van a telep\u00fcl\u00e9s jegyz\u0151j\u00e9nek v\u00edzgazd\u00e1lkod\u00e1si hat\u00e1sk\u00f6re! <\/strong>A jegyz\u0151i elj\u00e1r\u00e1s lefolytat\u00e1sa akkor is k\u00f6telez\u0151, ha a k\u00fat haszn\u00e1laton k\u00edv\u00fcli.<\/p>\n\n\n\n<p id=\"block-38c3d027-31b8-4b87-93a5-1a1bdfffe491\"><strong>A felsz\u00edn alatti v\u00edzkiv\u00e9telhez kapcsol\u00f3d\u00f3<\/strong> <strong>tov\u00e1bbi v\u00edzi l\u00e9tes\u00edtm\u00e9nyek \u00e9s v\u00edzi munk\u00e1k<\/strong> (\u00edgy k\u00fcl\u00f6n\u00f6sen: az \u00f6nt\u00f6z\u0151telepek, t\u00e1roz\u00f3k) enged\u00e9lyez\u00e9se tov\u00e1bbra is a v\u00edz\u00fcgyi \u00e9s v\u00edzv\u00e9delmi hat\u00e1sk\u00f6rrel rendelkez\u0151 katasztr\u00f3fav\u00e9delmi igazgat\u00f3s\u00e1gok hat\u00e1sk\u00f6r\u00e9be tartozik.<br>El\u00e9rhet\u0151s\u00e9ge:<br><strong>Heves V\u00e1rmegyei Katasztr\u00f3fav\u00e9delmi Igazgat\u00f3s\u00e1g<\/strong> 3300 Eger, Klapka Gy\u00f6rgy utca 11.<\/p>\n\n\n\n<p id=\"block-52621d7c-8393-490f-a292-ee6b47bd6b7e\"><strong>A mez\u0151gazdas\u00e1gi \u00f6nt\u00f6z\u00e9si c\u00e9l\u00fa, felsz\u00edn alatti v\u00edzkiv\u00e9telt biztos\u00edt\u00f3 v\u00edzi l\u00e9tes\u00edtm\u00e9nyekkel <\/strong>kapcsolatos v\u00edz\u00fcgyi \u00e9s v\u00edzv\u00e9delmi hat\u00f3s\u00e1gi, szakhat\u00f3s\u00e1gi hat\u00e1sk\u00f6rt, 2021. janu\u00e1r 1-t\u0151l orsz\u00e1gos illet\u00e9kess\u00e9ggel a Nemzeti F\u00f6ld\u00fcgyi K\u00f6zpont l\u00e1tja el.<br>Az \u00fcgyfelekre n\u00e9zve ez azt jelenti, hogy a mez\u0151gazdas\u00e1gi \u00f6nt\u00f6z\u00e9si c\u00e9lt szolg\u00e1l\u00f3 kutakra vonatkoz\u00f3 k\u00e9relmet <strong>a Nemzeti F\u00f6ld\u00fcgyi K\u00f6zponthoz kell beny\u00fajtani.<\/strong><br>El\u00e9rhet\u0151s\u00e9ge: 1149 Budapest, Bosny\u00e1k t\u00e9r 5.<\/p>\n\n\n\n<p id=\"block-b7952449-3e23-4287-a254-fb8b423b0ead\">Dr. Varga Attila jegyz\u0151<\/p>\n\n\n\n<p id=\"block-c7303999-a394-4e1a-bec9-6ef409621a80\">\ufeff<\/p>\n\n\n\n<p id=\"block-dd84a9f6-a45c-4ad8-ac8f-b8c95774f778\"><a rel=\"noreferrer noopener\" href=\"https:\/\/www.petervasara.hu\/2013\/wp-content\/uploads\/2023\/04\/Kutak-fennmaradasi-engedelyezesi-kerelme.docx\" target=\"_blank\">Kit\u00f6lthet\u0151 k\u00e9relem let\u00f6lt\u00e9se<\/a> (word)<br><a rel=\"noreferrer noopener\" href=\"https:\/\/www.petervasara.hu\/2013\/wp-content\/uploads\/2023\/04\/Kutak-fennmaradasi-engedelyezesi-kerelme.pdf\" target=\"_blank\">Nyomtathat\u00f3 k\u00e9relem let\u00f6lt\u00e9se<\/a> (pdf)<\/p>\n","protected":false},"excerpt":{"rendered":"<p>A hat\u00e1lyos jogi szab\u00e1lyoz\u00e1s &#8211; a v\u00edzgazd\u00e1lkod\u00e1sr\u00f3l sz\u00f3l\u00f3 1995. \u00e9vi LVII. t\u00f6rv\u00e9ny, valamint a v\u00edzgazd\u00e1lkod\u00e1si hat\u00f3s\u00e1gi jogk\u00f6r gyakorl\u00e1s\u00e1r\u00f3l sz\u00f3l\u00f3 72\/1996. (V.22.) Korm. rendelet &#8211; alapj\u00e1n a v\u00edzjogi l\u00e9tes\u00edt\u00e9si enged\u00e9ly n\u00e9lk\u00fcl meg\u00e9p\u00edtett v\u00edzi l\u00e9tes\u00edtm\u00e9nyekre- az&#46;&#46;&#46;<\/p>\n","protected":false},"author":1,"featured_media":934,"comment_status":"closed","ping_status":"open","sticky":false,"template":"","format":"standard","meta":{"footnotes":""},"categories":[17],"tags":[42,52,51,12,45],"class_list":["post-933","post","type-post","status-publish","format-standard","has-post-thumbnail","hentry","category-hirek","tag-42","tag-kerelem","tag-kut","tag-onkormanyzat","tag-tajekoztatas"],"_links":{"self":[{"href":"https:\/\/www.erdokovesd.hu\/index.php?rest_route=\/wp\/v2\/posts\/933","targetHints":{"allow":["GET"]}}],"collection":[{"href":"https:\/\/www.erdokovesd.hu\/index.php?rest_route=\/wp\/v2\/posts"}],"about":[{"href":"https:\/\/www.erdokovesd.hu\/index.php?rest_route=\/wp\/v2\/types\/post"}],"author":[{"embeddable":true,"href":"https:\/\/www.erdokovesd.hu\/index.php?rest_route=\/wp\/v2\/users\/1"}],"replies":[{"embeddable":true,"href":"https:\/\/www.erdokovesd.hu\/index.php?rest_route=%2Fwp%2Fv2%2Fcomments&post=933"}],"version-history":[{"count":1,"href":"https:\/\/www.erdokovesd.hu\/index.php?rest_route=\/wp\/v2\/posts\/933\/revisions"}],"predecessor-version":[{"id":935,"href":"https:\/\/www.erdokovesd.hu\/index.php?rest_route=\/wp\/v2\/posts\/933\/revisions\/935"}],"wp:featuredmedia":[{"embeddable":true,"href":"https:\/\/www.erdokovesd.hu\/index.php?rest_route=\/wp\/v2\/media\/934"}],"wp:attachment":[{"href":"https:\/\/www.erdokovesd.hu\/index.php?rest_route=%2Fwp%2Fv2%2Fmedia&parent=933"}],"wp:term":[{"taxonomy":"category","embeddable":true,"href":"https:\/\/www.erdokovesd.hu\/index.php?rest_route=%2Fwp%2Fv2%2Fcategories&post=933"},{"taxonomy":"post_tag","embeddable":true,"href":"https:\/\/www.erdokovesd.hu\/index.php?rest_route=%2Fwp%2Fv2%2Ftags&post=933"}],"curies":[{"name":"wp","href":"https:\/\/api.w.org\/{rel}","templated":true}]}}