{"id":940,"date":"2023-04-24T11:05:55","date_gmt":"2023-04-24T11:05:55","guid":{"rendered":"https:\/\/www.erdokovesd.hu\/?p=940"},"modified":"2023-04-24T11:05:55","modified_gmt":"2023-04-24T11:05:55","slug":"ovodai-beiratkozas","status":"publish","type":"post","link":"https:\/\/www.erdokovesd.hu\/?p=940","title":{"rendered":"\u00d3vodai beiratkoz\u00e1s"},"content":{"rendered":"\n<p>\u00c9rtes\u00edtj\u00fck a kedves sz\u00fcl\u0151ket, hogy az Erd\u0151k\u00f6vesdi Napk\u00f6ziotthonos \u00d3voda<\/p>\n\n\n\n<p><strong>2023. \u00e1prilis 26-27. k\u00f6z\u00f6tt 8.00-t\u00f3l 12.00-\u00f3r\u00e1ig beiratkoz\u00e1st tart a 2023\/24-es nevel\u00e9si \u00e9vre.<\/strong><\/p>\n\n\n\n<p>A beiratkoz\u00e1sra k\u00e9rj\u00fck hozz\u00e1k magukkal az al\u00e1bbi okiratokat:<\/p>\n\n\n\n<ul class=\"wp-block-list\">\n<li>a gyermek sz\u00fclet\u00e9si anyak\u00f6nyvi kivonat\u00e1t<\/li>\n\n\n\n<li>a gyermek lakc\u00edmk\u00e1rty\u00e1j\u00e1t, esetleg szem\u00e9lyi igazolv\u00e1ny\u00e1t<\/li>\n\n\n\n<li>a gyermek TAJ-k\u00e1rty\u00e1j\u00e1t<\/li>\n\n\n\n<li>a sz\u00fcl\u0151 szem\u00e9lyi igazolv\u00e1ny\u00e1t \u00e9s lakc\u00edmk\u00e1rty\u00e1j\u00e1t<\/li>\n\n\n\n<li>rendszeres gyermekv\u00e9delmi kedvezm\u00e9nyr\u0151l sz\u00f3l\u00f3 hat\u00e1rozatot, \u00a0amennyiben van ilyen<\/li>\n<\/ul>\n\n\n\n<p>A 2023\/24-es nevel\u00e9si \u00e9vben \u00f3vodak\u00f6teles lesz az a gyermek, aki 2023. augusztus 31-ig bet\u00f6lti a 3. \u00e9let\u00e9v\u00e9t, de felvehet\u0151 szeptember 1-t\u0151l az a gyermek is, aki 2023. szeptember 1. \u00e9s 2024. febru\u00e1r 28. k\u00f6z\u00f6tt t\u00f6lti be a 3. \u00e9let\u00e9v\u00e9t.<\/p>\n","protected":false},"excerpt":{"rendered":"<p>\u00c9rtes\u00edtj\u00fck a kedves sz\u00fcl\u0151ket, hogy az Erd\u0151k\u00f6vesdi Napk\u00f6ziotthonos \u00d3voda 2023. \u00e1prilis 26-27. k\u00f6z\u00f6tt 8.00-t\u00f3l 12.00-\u00f3r\u00e1ig beiratkoz\u00e1st tart a 2023\/24-es nevel\u00e9si \u00e9vre. A beiratkoz\u00e1sra k\u00e9rj\u00fck hozz\u00e1k magukkal az al\u00e1bbi okiratokat: A 2023\/24-es nevel\u00e9si \u00e9vben \u00f3vodak\u00f6teles&#46;&#46;&#46;<\/p>\n","protected":false},"author":1,"featured_media":941,"comment_status":"closed","ping_status":"open","sticky":false,"template":"","format":"standard","meta":{"footnotes":""},"categories":[17],"tags":[42,4,34],"class_list":["post-940","post","type-post","status-publish","format-standard","has-post-thumbnail","hentry","category-hirek","tag-42","tag-informacio","tag-ovoda"],"_links":{"self":[{"href":"https:\/\/www.erdokovesd.hu\/index.php?rest_route=\/wp\/v2\/posts\/940","targetHints":{"allow":["GET"]}}],"collection":[{"href":"https:\/\/www.erdokovesd.hu\/index.php?rest_route=\/wp\/v2\/posts"}],"about":[{"href":"https:\/\/www.erdokovesd.hu\/index.php?rest_route=\/wp\/v2\/types\/post"}],"author":[{"embeddable":true,"href":"https:\/\/www.erdokovesd.hu\/index.php?rest_route=\/wp\/v2\/users\/1"}],"replies":[{"embeddable":true,"href":"https:\/\/www.erdokovesd.hu\/index.php?rest_route=%2Fwp%2Fv2%2Fcomments&post=940"}],"version-history":[{"count":1,"href":"https:\/\/www.erdokovesd.hu\/index.php?rest_route=\/wp\/v2\/posts\/940\/revisions"}],"predecessor-version":[{"id":942,"href":"https:\/\/www.erdokovesd.hu\/index.php?rest_route=\/wp\/v2\/posts\/940\/revisions\/942"}],"wp:featuredmedia":[{"embeddable":true,"href":"https:\/\/www.erdokovesd.hu\/index.php?rest_route=\/wp\/v2\/media\/941"}],"wp:attachment":[{"href":"https:\/\/www.erdokovesd.hu\/index.php?rest_route=%2Fwp%2Fv2%2Fmedia&parent=940"}],"wp:term":[{"taxonomy":"category","embeddable":true,"href":"https:\/\/www.erdokovesd.hu\/index.php?rest_route=%2Fwp%2Fv2%2Fcategories&post=940"},{"taxonomy":"post_tag","embeddable":true,"href":"https:\/\/www.erdokovesd.hu\/index.php?rest_route=%2Fwp%2Fv2%2Ftags&post=940"}],"curies":[{"name":"wp","href":"https:\/\/api.w.org\/{rel}","templated":true}]}}