{"id":944,"date":"2023-06-16T11:13:55","date_gmt":"2023-06-16T11:13:55","guid":{"rendered":"https:\/\/www.erdokovesd.hu\/?p=944"},"modified":"2023-06-16T11:13:55","modified_gmt":"2023-06-16T11:13:55","slug":"a-nemzeti-foldugyi-kozpont-tajekoztatoja","status":"publish","type":"post","link":"https:\/\/www.erdokovesd.hu\/?p=944","title":{"rendered":"A Nemzeti F\u00f6ld\u00fcgyi K\u00f6zpont t\u00e1j\u00e9koztat\u00f3ja"},"content":{"rendered":"\n<p>Hirdetm\u00e9ny a 10 ha t\u00e9rm\u00e9rt\u00e9ket meg nem halad\u00f3, Nemzeti F\u00f6ldalapba tartoz\u00f3 f\u00f6ldr\u00e9szletek nyilv\u00e1nos p\u00e1ly\u00e1ztat\u00e1s, illetve \u00e1rver\u00e9s mell\u0151z\u00e9s\u00e9vel, hirdetm\u00e9ny k\u00f6zz\u00e9t\u00e9tel\u00e9vel t\u00f6rt\u00e9n\u0151 \u00e9rt\u00e9kes\u00edt\u00e9s\u00e9r\u0151l.<\/p>\n\n\n\n<p>A hirdetm\u00e9ny sz\u00f6vege <a href=\"https:\/\/nfk.gov.hu\/doc\/Hirdetm%C3%A9ny_2023.%20VI.%20%C3%BCtem.pdf\" target=\"_blank\" rel=\"noreferrer noopener\">innen let\u00f6lthet\u0151.<\/a><\/p>\n\n\n\n<p>A meghirdetett f\u00f6ldekre b\u00e1rki tehet v\u00e9teli aj\u00e1nlatot, aki a jogszab\u00e1lyban foglalt felt\u00e9teleknek megfelel. Az \u00e9rt\u00e9kes\u00edt\u00e9s elektronikus \u00faton zajlik. Egy hekt\u00e1ros m\u00e9rethat\u00e1rig a f\u00f6ldm\u0171vesnek nem min\u0151s\u00fcl\u0151 szem\u00e9lyek is v\u00e1s\u00e1rolhatnak f\u00f6ldet, \u00e9s ilyen esetben az ingatlanok \u00e9rt\u00e9kbecsl\u00e9s\u00e9nek k\u00f6lts\u00e9g\u00e9t is az \u00e1llam \u00e1llja. Egy \u00e9s t\u00edz hekt\u00e1r k\u00f6z\u00f6tti m\u00e9ret\u0171 f\u00f6ldre, illetve tulajdoni h\u00e1nyadra pedig minden f\u00f6ldm\u0171ves aj\u00e1nlatot tehet az NFK honlapj\u00e1r\u00f3l (<strong><u><a rel=\"noreferrer noopener\" href=\"https:\/\/nfk.gov.hu\/\" target=\"_blank\">https:\/\/nfk.gov.hu\/<\/a><\/u><\/strong>) is el\u00e9rhet\u0151 Elektronikus P\u00e1ly\u00e1zati Rendszert (EPR, amely a k\u00f6vetkez\u0151 elektronikus fel\u00fcleten \u00e9rhet\u0151 el: <strong><u><a rel=\"noreferrer noopener\" href=\"https:\/\/epr.nfk.gov.hu\/\" target=\"_blank\">https:\/\/epr.nfk.gov.hu\/<\/a><\/u><\/strong>) haszn\u00e1lva, az \u00fcgyf\u00e9lkapus azonos\u00edt\u00e1st k\u00f6vet\u0151en.<\/p>\n","protected":false},"excerpt":{"rendered":"<p>Hirdetm\u00e9ny a 10 ha t\u00e9rm\u00e9rt\u00e9ket meg nem halad\u00f3, Nemzeti F\u00f6ldalapba tartoz\u00f3 f\u00f6ldr\u00e9szletek nyilv\u00e1nos p\u00e1ly\u00e1ztat\u00e1s, illetve \u00e1rver\u00e9s mell\u0151z\u00e9s\u00e9vel, hirdetm\u00e9ny k\u00f6zz\u00e9t\u00e9tel\u00e9vel t\u00f6rt\u00e9n\u0151 \u00e9rt\u00e9kes\u00edt\u00e9s\u00e9r\u0151l. A hirdetm\u00e9ny sz\u00f6vege innen let\u00f6lthet\u0151. A meghirdetett f\u00f6ldekre b\u00e1rki tehet v\u00e9teli aj\u00e1nlatot, aki&#46;&#46;&#46;<\/p>\n","protected":false},"author":1,"featured_media":945,"comment_status":"closed","ping_status":"open","sticky":false,"template":"","format":"standard","meta":{"footnotes":""},"categories":[17],"tags":[42,45],"class_list":["post-944","post","type-post","status-publish","format-standard","has-post-thumbnail","hentry","category-hirek","tag-42","tag-tajekoztatas"],"_links":{"self":[{"href":"https:\/\/www.erdokovesd.hu\/index.php?rest_route=\/wp\/v2\/posts\/944","targetHints":{"allow":["GET"]}}],"collection":[{"href":"https:\/\/www.erdokovesd.hu\/index.php?rest_route=\/wp\/v2\/posts"}],"about":[{"href":"https:\/\/www.erdokovesd.hu\/index.php?rest_route=\/wp\/v2\/types\/post"}],"author":[{"embeddable":true,"href":"https:\/\/www.erdokovesd.hu\/index.php?rest_route=\/wp\/v2\/users\/1"}],"replies":[{"embeddable":true,"href":"https:\/\/www.erdokovesd.hu\/index.php?rest_route=%2Fwp%2Fv2%2Fcomments&post=944"}],"version-history":[{"count":1,"href":"https:\/\/www.erdokovesd.hu\/index.php?rest_route=\/wp\/v2\/posts\/944\/revisions"}],"predecessor-version":[{"id":946,"href":"https:\/\/www.erdokovesd.hu\/index.php?rest_route=\/wp\/v2\/posts\/944\/revisions\/946"}],"wp:featuredmedia":[{"embeddable":true,"href":"https:\/\/www.erdokovesd.hu\/index.php?rest_route=\/wp\/v2\/media\/945"}],"wp:attachment":[{"href":"https:\/\/www.erdokovesd.hu\/index.php?rest_route=%2Fwp%2Fv2%2Fmedia&parent=944"}],"wp:term":[{"taxonomy":"category","embeddable":true,"href":"https:\/\/www.erdokovesd.hu\/index.php?rest_route=%2Fwp%2Fv2%2Fcategories&post=944"},{"taxonomy":"post_tag","embeddable":true,"href":"https:\/\/www.erdokovesd.hu\/index.php?rest_route=%2Fwp%2Fv2%2Ftags&post=944"}],"curies":[{"name":"wp","href":"https:\/\/api.w.org\/{rel}","templated":true}]}}