{"id":950,"date":"2023-09-26T11:27:14","date_gmt":"2023-09-26T11:27:14","guid":{"rendered":"https:\/\/www.erdokovesd.hu\/?p=950"},"modified":"2023-09-26T11:27:42","modified_gmt":"2023-09-26T11:27:42","slug":"valtozasok-az-ugyeleti-ellatasban","status":"publish","type":"post","link":"https:\/\/www.erdokovesd.hu\/?p=950","title":{"rendered":"V\u00e1ltoz\u00e1sok az \u00fcgyeleti ell\u00e1t\u00e1sban"},"content":{"rendered":"\n<p>Tisztelt Lakoss\u00e1g !<\/p>\n\n\n\n<p><strong>Az \u00fcgyeleti alapell\u00e1t\u00e1st&nbsp; 2023. okt\u00f3ber&nbsp; l-t\u0151l Heves v\u00e1rmegy\u00e9ben is az Orsz\u00e1gos Ment\u0151szolg\u00e1lat l\u00e1tja el<\/strong>, majd az egys\u00e9ges, k\u00e9t elemb\u0151l \u00e1ll\u00f3, betegk\u00f6zpont\u00fa rendszert (h\u00e1ziorvosi \u00fcgyeleti ell\u00e1t\u00e1s \u00e9s s\u00fcrg\u0151ss\u00e9gi \u00fcgyelet) az idei \u00e9v v\u00e9g\u00e9ig fokozatosan bevezetve az orsz\u00e1g eg\u00e9sz ter\u00fclet\u00e9n biztos\u00edtjuk minden r\u00e1szorul\u00f3 sz\u00e1m\u00e1ra.<\/p>\n\n\n\n<p>Az egys\u00e9ges \u00fcgyeleti telefonsz\u00e1m okt\u00f3ber 1-t\u0151l: <strong>1830<\/strong><\/p>\n\n\n\n<h4 class=\"wp-block-heading\" id=\"haziorvosi-ugyeleti-ellatas\">H\u00c1ZIORVOSI \u00dcGYELETI &nbsp;ELL\u00c1T\u00c1S<\/h4>\n\n\n\n<p>A h\u00e1ziorvosi \u00fcgyelet a s\u00fcrg\u0151s \u2013 a k\u00f6vetkez\u0151 rendel\u00e9si id\u0151ig nem halaszthat\u00f3 \u2013 orvosi tev\u00e9kenys\u00e9gek elv\u00e9gz\u00e9se c\u00e9lj\u00e1b\u00f3l szervezett ell\u00e1t\u00e1s.<\/p>\n\n\n\n<ul class=\"wp-block-list\">\n<li><strong>h\u00e9tk\u00f6znap 16:00 \u2013 22:00 k\u00f6z\u00f6tt<\/strong><\/li>\n\n\n\n<li><strong>h\u00e9tv\u00e9g\u00e9n, \u00fcnnepnapon &nbsp;08:00 \u2013 14:00 k\u00f6z\u00f6tt<\/strong><\/li>\n<\/ul>\n\n\n\n<ul class=\"wp-block-list\">\n<li>Eger: 3300 Eger, Sz\u00e1lloda utca 2.<\/li>\n\n\n\n<li>Gy\u00f6ngy\u00f6s: 3200 Gy\u00f6ngy\u00f6s, D\u00f3zsa Gy\u00f6rgy u.20-22. (Gy\u00f6ngy\u00f6si Bug\u00e1t P\u00e1l K\u00f3rh\u00e1z)<\/li>\n\n\n\n<li>Hatvan: 3000 Hatvan, Balassi B\u00e1lint u. 16.(Albert Schweitzer K\u00f3rh\u00e1z- Rendel\u0151int\u00e9zet)<\/li>\n\n\n\n<li>Heves: 3360 Heves, F\u0151 \u00fat 13.(Heves- Rendel\u0151int\u00e9zet)<\/li>\n\n\n\n<li>P\u00e9terv\u00e1s\u00e1ra: 3250 P\u00e9terv\u00e1s\u00e1ra, Szabads\u00e1g t\u00e9r 28.<\/li>\n<\/ul>\n\n\n\n<h4 class=\"wp-block-heading\" id=\"surgossegi-ugyeleti-vagy-mentoellatas\">S\u00dcRG\u0150SS\u00c9GI \u00dcGYELETI VAGY MENT\u0150ELL\u00c1T\u00c1S<\/h4>\n\n\n\n<p>K\u00f6zponti \u00fcgyeleti telefonsz\u00e1m: &nbsp;1830<\/p>\n\n\n\n<p>Az \u00fcgyeleti id\u0151ben hirtelen jelentkez\u0151, illetve s\u00falyos &nbsp;eg\u00e9szs\u00e9g\u00fcgyi &nbsp;probl\u00e9m\u00e1k &nbsp;eset\u00e9re ny\u00fajt magas szakmai sz\u00ednvonal\u00fa \u00e9s biztons\u00e1gos megold\u00e1st:<\/p>\n\n\n\n<ul class=\"wp-block-list\">\n<li>h\u00e9tk\u00f6znap 22:00-08:00 k\u00f6z\u00f6tt<\/li>\n\n\n\n<li>h\u00e9tv\u00e9g\u00e9n, \u00fcnnepnapon &nbsp;14:00-08:00 k\u00f6z\u00f6tt<\/li>\n<\/ul>\n\n\n\n<p>A beteg a k\u00f6zponti telefonsz\u00e1m h\u00edv\u00e1s\u00e1val: szakszer\u0171 tan\u00e1csot kap, sz\u00fcks\u00e9g eset\u00e9n a tart\u00f3zkod\u00e1si hely\u00e9re s\u00fcrg\u0151ss\u00e9gi \u00fcgyeleti aut\u00f3t, vagy \u00e9letvesz\u00e9ly eset\u00e9n azonnali ment\u0151t k\u00fcld\u00fcnk, a v\u00e1rmegye b\u00e1rmely telep\u00fcl\u00e9s\u00e9n is tart\u00f3zkodjon az ell\u00e1t\u00e1sra szorul\u00f3.<\/p>\n\n\n\n<p>A telefonsz\u00e1m a teljes \u00fcgyeleti id\u0151szakban, h\u00e9tk\u00f6znap 16:00-08:00 k\u00f6z\u00f6tt, h\u00e9tv\u00e9g\u00e9n, \u00fcnnepnapon eg\u00e9sz nap h\u00edvhat\u00f3.<\/p>\n\n\n\n<p>Azok sz\u00e1m\u00e1ra, akik szem\u00e9lyesen keresn\u00e9k fel az \u00fcgyeletet, az al\u00e1bbi telephelyeken erre h\u00e9tk\u00f6znap 22:00-08:00 k\u00f6z\u00f6tt, h\u00e9tv\u00e9g\u00e9n \u00e9s \u00fcnnepnapon &nbsp;14:00-08:00 k\u00f6z\u00f6tt is van lehet\u0151s\u00e9g:<\/p>\n\n\n\n<ul class=\"wp-block-list\">\n<li>Eger: 3300 Eger, Sz\u00e1lloda utca 2.<\/li>\n\n\n\n<li>Gy\u00f6ngy\u00f6s: 3200 Gy\u00f6ngy\u00f6s, D\u00f3zsa Gy\u00f6rgy u. 20-22. (Gy\u00f6ngy\u00f6si Bug\u00e1t P\u00e1l K\u00f3rh\u00e1z)<\/li>\n\n\n\n<li>Hatvan: 3000 Hatvan, Balassi B\u00e1lint u. 16.(Albert Schweitzer K\u00f3rh\u00e1z- Rendel\u0151int\u00e9zet)<\/li>\n\n\n\n<li>Heves: 3360 Heves, F\u0151 \u00fat 13. (Heves- Rendel\u0151int\u00e9zet)<\/li>\n<\/ul>\n\n\n\n<p>A &nbsp;gyermekek &nbsp;\u00fcgyeleti &nbsp;ell\u00e1t\u00e1s\u00e1t &nbsp;a &nbsp;j\u00e1r\u00e1sk\u00f6zponti&nbsp; &nbsp;\u00fcgyeleti &nbsp;pontokon, &nbsp;azok&nbsp; &nbsp;m\u0171k\u00f6d\u00e9si idej\u00e9ben, &nbsp;valamint &nbsp;az &nbsp;Eger&nbsp; &nbsp;Gyermek\u00fcgyeleten&nbsp; &nbsp;(3300&nbsp; &nbsp;Eger&nbsp; &nbsp;Sz\u00e1lloda&nbsp; &nbsp;utca &nbsp;2.) h\u00e9tk\u00f6znapokon &nbsp;16:00 \u00f3r\u00e1t\u00f3l 22:00 \u00f3r\u00e1ig, h\u00e9tv\u00e9g\u00e9n \u00e9s \u00fcnnepnapon &nbsp;08:00 \u00f3r\u00e1t\u00f3l 22:00 \u00f3r\u00e1ig v\u00e9gzik.<\/p>\n\n\n\n<p>A k\u00f6zponti telefonsz\u00e1m a teljes \u00fcgyeleti id\u0151szakban, a gyermekek eset\u00e9ben is <strong>1830<\/strong><strong>.<\/strong><\/p>\n\n\n\n<p>Az Orsz\u00e1gos Ment\u0151szolg\u00e1lat ment\u00e9sir\u00e1ny\u00edt\u00e1si rendszer\u00e9vel integr\u00e1lt \u00fcgyeleti ir\u00e1ny\u00edt\u00e1s keret\u00e9ben hat\u00e9kony \u00e9s szakszer\u0171 telefonos tan\u00e1csad\u00e1s \u00e1ll rendelkez\u00e9sre a gyermek- \u00e9s feln\u0151tt ell\u00e1t\u00e1sban is. <em>Az <\/em>\u00fcgyeleti h\u00edv\u00e1sok kezel\u00e9se r\u00f6gz\u00edtett vonalon, beteg- \u00e9s min\u0151s\u00e9gbiztos\u00edt\u00e1si szempontokb\u00f3l visszak\u00f6vethet\u0151en, az aktu\u00e1lis szakmai betegoszt\u00e1lyoz\u00e1si (tri\u00e1zs) ir\u00e1nyelveknek megfelel\u0151en t\u00f6rt\u00e9nik , \u00edgy a betegek az egys\u00e9ges \u00fcgyeleti rendszerben gyorsabban kapj\u00e1k meg az \u00e1llapotuknak megfelel\u0151 \u00e9s sz\u00fcks\u00e9ges ell\u00e1t\u00e1st.<\/p>\n\n\n\n<p>\u00d6sszefoglalva kijelenthet\u0151, hogy a ment\u0151k egys\u00e9ges \u00fcgyeleti rendszere az \u00fcgyeleti \u00e9s ment\u0151egys\u00e9gek integr\u00e1lt ir\u00e1ny\u00edt\u00e1s\u00e1ra \u00e9s mobilit\u00e1s\u00e1ra \u00e9p\u00fcl, \u00edgy a beteg \u00e1llapot\u00e1nak megfelel\u0151 \u00fcgyeleti, s\u00fcrg\u0151ss\u00e9gi ell\u00e1t\u00e1st a v\u00e1rmegye valamennyi telep\u00fcl\u00e9s\u00e9n, egys\u00e9gesen, minden r\u00e1szorul\u00f3 sz\u00e1m\u00e1ra a kor\u00e1bbin\u00e1l magasabb min\u0151s\u00e9gben \u00e9s sz\u00e9lesebb el\u00e9rhet\u0151s\u00e9ggel biztos\u00edtja .<\/p>\n\n\n\n<p>A &nbsp;v\u00e1rmegyei&nbsp; &nbsp;alapell\u00e1t\u00e1si&nbsp;&nbsp; \u00fcgyeleti&nbsp; &nbsp;rendszer &nbsp;j\u00f6v\u0151beni&nbsp; &nbsp;m\u0171k\u00f6d\u00e9s\u00e9r\u0151l&nbsp;&nbsp;&nbsp; a &nbsp;lakoss\u00e1got&nbsp; &nbsp;az elk\u00f6vetkez\u0151 id\u0151szakban sz\u00e1mos csatorn\u00e1n t\u00e1j\u00e9koztatni fogjuk, a rendszer r\u00e9szleteir\u0151l tov\u00e1bbi inform\u00e1ci\u00f3 a <a href=\"http:\/\/www.mentok.hu\/ugyelet\">www.mentok.hu\/ugyelet<\/a> weboldalon olvashat\u00f3.<\/p>\n\n\n\n<figure class=\"wp-block-image size-large\"><img decoding=\"async\" width=\"691\" height=\"1024\" src=\"http:\/\/www.erdokovesd.hu\/wp-content\/uploads\/2023\/09\/OMSZ_UGYELETI_SZOLGALAT_HIRDETES_HEVES_230908_JAV-691x1024.jpg\" alt=\"\" class=\"wp-image-949\" srcset=\"https:\/\/www.erdokovesd.hu\/wp-content\/uploads\/2023\/09\/OMSZ_UGYELETI_SZOLGALAT_HIRDETES_HEVES_230908_JAV-691x1024.jpg 691w, https:\/\/www.erdokovesd.hu\/wp-content\/uploads\/2023\/09\/OMSZ_UGYELETI_SZOLGALAT_HIRDETES_HEVES_230908_JAV-202x300.jpg 202w, https:\/\/www.erdokovesd.hu\/wp-content\/uploads\/2023\/09\/OMSZ_UGYELETI_SZOLGALAT_HIRDETES_HEVES_230908_JAV-768x1138.jpg 768w, https:\/\/www.erdokovesd.hu\/wp-content\/uploads\/2023\/09\/OMSZ_UGYELETI_SZOLGALAT_HIRDETES_HEVES_230908_JAV-1036x1536.jpg 1036w, https:\/\/www.erdokovesd.hu\/wp-content\/uploads\/2023\/09\/OMSZ_UGYELETI_SZOLGALAT_HIRDETES_HEVES_230908_JAV-1382x2048.jpg 1382w, https:\/\/www.erdokovesd.hu\/wp-content\/uploads\/2023\/09\/OMSZ_UGYELETI_SZOLGALAT_HIRDETES_HEVES_230908_JAV.jpg 1727w\" sizes=\"(max-width: 691px) 100vw, 691px\" \/><\/figure>\n","protected":false},"excerpt":{"rendered":"<p>Tisztelt Lakoss\u00e1g ! Az \u00fcgyeleti alapell\u00e1t\u00e1st&nbsp; 2023. okt\u00f3ber&nbsp; l-t\u0151l Heves v\u00e1rmegy\u00e9ben is az Orsz\u00e1gos Ment\u0151szolg\u00e1lat l\u00e1tja el, majd az egys\u00e9ges, k\u00e9t elemb\u0151l \u00e1ll\u00f3, betegk\u00f6zpont\u00fa rendszert (h\u00e1ziorvosi \u00fcgyeleti ell\u00e1t\u00e1s \u00e9s s\u00fcrg\u0151ss\u00e9gi \u00fcgyelet) az idei \u00e9v&#46;&#46;&#46;<\/p>\n","protected":false},"author":1,"featured_media":951,"comment_status":"closed","ping_status":"open","sticky":false,"template":"","format":"standard","meta":{"footnotes":""},"categories":[17],"tags":[42,55,27,54],"class_list":["post-950","post","type-post","status-publish","format-standard","has-post-thumbnail","hentry","category-hirek","tag-42","tag-egeszsegugy","tag-tajekoztato","tag-valtozas"],"_links":{"self":[{"href":"https:\/\/www.erdokovesd.hu\/index.php?rest_route=\/wp\/v2\/posts\/950","targetHints":{"allow":["GET"]}}],"collection":[{"href":"https:\/\/www.erdokovesd.hu\/index.php?rest_route=\/wp\/v2\/posts"}],"about":[{"href":"https:\/\/www.erdokovesd.hu\/index.php?rest_route=\/wp\/v2\/types\/post"}],"author":[{"embeddable":true,"href":"https:\/\/www.erdokovesd.hu\/index.php?rest_route=\/wp\/v2\/users\/1"}],"replies":[{"embeddable":true,"href":"https:\/\/www.erdokovesd.hu\/index.php?rest_route=%2Fwp%2Fv2%2Fcomments&post=950"}],"version-history":[{"count":2,"href":"https:\/\/www.erdokovesd.hu\/index.php?rest_route=\/wp\/v2\/posts\/950\/revisions"}],"predecessor-version":[{"id":953,"href":"https:\/\/www.erdokovesd.hu\/index.php?rest_route=\/wp\/v2\/posts\/950\/revisions\/953"}],"wp:featuredmedia":[{"embeddable":true,"href":"https:\/\/www.erdokovesd.hu\/index.php?rest_route=\/wp\/v2\/media\/951"}],"wp:attachment":[{"href":"https:\/\/www.erdokovesd.hu\/index.php?rest_route=%2Fwp%2Fv2%2Fmedia&parent=950"}],"wp:term":[{"taxonomy":"category","embeddable":true,"href":"https:\/\/www.erdokovesd.hu\/index.php?rest_route=%2Fwp%2Fv2%2Fcategories&post=950"},{"taxonomy":"post_tag","embeddable":true,"href":"https:\/\/www.erdokovesd.hu\/index.php?rest_route=%2Fwp%2Fv2%2Ftags&post=950"}],"curies":[{"name":"wp","href":"https:\/\/api.w.org\/{rel}","templated":true}]}}