{"id":955,"date":"2023-10-03T12:16:30","date_gmt":"2023-10-03T12:16:30","guid":{"rendered":"https:\/\/www.erdokovesd.hu\/?p=955"},"modified":"2023-11-06T08:27:38","modified_gmt":"2023-11-06T08:27:38","slug":"bursa-hungarica-palyazat-2024","status":"publish","type":"post","link":"https:\/\/www.erdokovesd.hu\/?p=955","title":{"rendered":"BURSA Hungarica p\u00e1ly\u00e1zat 2024."},"content":{"rendered":"\n<p>A Kultur\u00e1lis \u00e9s Innov\u00e1ci\u00f3s Miniszt\u00e9rium megb\u00edz\u00e1s\u00e1b\u00f3l a Nemzeti Kultur\u00e1lis T\u00e1mogat\u00e1skezel\u0151&nbsp;<strong>ny\u00edlt p\u00e1ly\u00e1zat<\/strong>&nbsp;keret\u00e9ben meghirdeti a Bursa Hungarica Fels\u0151oktat\u00e1si \u00d6nkorm\u00e1nyzati \u00d6szt\u00f6nd\u00edjp\u00e1ly\u00e1zatot&nbsp;<strong>fels\u0151oktat\u00e1si tanulm\u00e1nyokat kezdeni (&#8222;B&#8221; t\u00edpus\u00fa p\u00e1ly\u00e1zat) k\u00edv\u00e1n\u00f3, \u00e9s tanulm\u00e1nyaikat folytat\u00f3 (&#8222;A&#8221; t\u00edpus\u00fa p\u00e1ly\u00e1zat) fiatalok<\/strong>&nbsp;sz\u00e1m\u00e1ra.<\/p>\n\n\n\n<p>A p\u00e1ly\u00e1zat beny\u00fajt\u00e1s\u00e1nak hat\u00e1rideje:<strong>\u00a02023. november 7.<\/strong><\/p>\n\n\n\n<hr class=\"wp-block-separator has-alpha-channel-opacity\"\/>\n\n\n\n<p><a href=\"https:\/\/emet.gov.hu\/bursa-hungarica-programrol\/\" target=\"_blank\" rel=\"noreferrer noopener\">Bursa Hungarica program \u2013 Nemzeti Kultur\u00e1lis T\u00e1mogat\u00e1skezel\u0151 (gov.hu)<\/a><\/p>\n\n\n\n<p class=\"has-pale-ocean-gradient-background has-background\">Az al\u00e1bbiakban el\u00e9rhet\u0151 a felh\u00edv\u00e1s \u00e9s mell\u00e9kletei:<br><br>A felh\u00edv\u00e1s k\u00f3dja:&nbsp;<a href=\"https:\/\/emet.gov.hu\/bursa-2024-a-felhivas-palyazok-reszere\/\">BURSA-2024 A<\/a><br>A felh\u00edv\u00e1s k\u00f3dja:&nbsp;<a href=\"https:\/\/emet.gov.hu\/bursa-2024-b-felhivas-palyazok-reszere\/\">BURSA-2024 B<\/a><\/p>\n","protected":false},"excerpt":{"rendered":"<p>A Kultur\u00e1lis \u00e9s Innov\u00e1ci\u00f3s Miniszt\u00e9rium megb\u00edz\u00e1s\u00e1b\u00f3l a Nemzeti Kultur\u00e1lis T\u00e1mogat\u00e1skezel\u0151&nbsp;ny\u00edlt p\u00e1ly\u00e1zat&nbsp;keret\u00e9ben meghirdeti a Bursa Hungarica Fels\u0151oktat\u00e1si \u00d6nkorm\u00e1nyzati \u00d6szt\u00f6nd\u00edjp\u00e1ly\u00e1zatot&nbsp;fels\u0151oktat\u00e1si tanulm\u00e1nyokat kezdeni (&#8222;B&#8221; t\u00edpus\u00fa p\u00e1ly\u00e1zat) k\u00edv\u00e1n\u00f3, \u00e9s tanulm\u00e1nyaikat folytat\u00f3 (&#8222;A&#8221; t\u00edpus\u00fa p\u00e1ly\u00e1zat) fiatalok&nbsp;sz\u00e1m\u00e1ra. A p\u00e1ly\u00e1zat beny\u00fajt\u00e1s\u00e1nak&#46;&#46;&#46;<\/p>\n","protected":false},"author":1,"featured_media":956,"comment_status":"closed","ping_status":"open","sticky":false,"template":"","format":"standard","meta":{"footnotes":""},"categories":[17],"tags":[42,12,27,56],"class_list":["post-955","post","type-post","status-publish","format-standard","has-post-thumbnail","hentry","category-hirek","tag-42","tag-onkormanyzat","tag-tajekoztato","tag-tanulas"],"_links":{"self":[{"href":"https:\/\/www.erdokovesd.hu\/index.php?rest_route=\/wp\/v2\/posts\/955","targetHints":{"allow":["GET"]}}],"collection":[{"href":"https:\/\/www.erdokovesd.hu\/index.php?rest_route=\/wp\/v2\/posts"}],"about":[{"href":"https:\/\/www.erdokovesd.hu\/index.php?rest_route=\/wp\/v2\/types\/post"}],"author":[{"embeddable":true,"href":"https:\/\/www.erdokovesd.hu\/index.php?rest_route=\/wp\/v2\/users\/1"}],"replies":[{"embeddable":true,"href":"https:\/\/www.erdokovesd.hu\/index.php?rest_route=%2Fwp%2Fv2%2Fcomments&post=955"}],"version-history":[{"count":4,"href":"https:\/\/www.erdokovesd.hu\/index.php?rest_route=\/wp\/v2\/posts\/955\/revisions"}],"predecessor-version":[{"id":968,"href":"https:\/\/www.erdokovesd.hu\/index.php?rest_route=\/wp\/v2\/posts\/955\/revisions\/968"}],"wp:featuredmedia":[{"embeddable":true,"href":"https:\/\/www.erdokovesd.hu\/index.php?rest_route=\/wp\/v2\/media\/956"}],"wp:attachment":[{"href":"https:\/\/www.erdokovesd.hu\/index.php?rest_route=%2Fwp%2Fv2%2Fmedia&parent=955"}],"wp:term":[{"taxonomy":"category","embeddable":true,"href":"https:\/\/www.erdokovesd.hu\/index.php?rest_route=%2Fwp%2Fv2%2Fcategories&post=955"},{"taxonomy":"post_tag","embeddable":true,"href":"https:\/\/www.erdokovesd.hu\/index.php?rest_route=%2Fwp%2Fv2%2Ftags&post=955"}],"curies":[{"name":"wp","href":"https:\/\/api.w.org\/{rel}","templated":true}]}}