{"id":970,"date":"2023-12-01T10:19:13","date_gmt":"2023-12-01T10:19:13","guid":{"rendered":"https:\/\/www.erdokovesd.hu\/?p=970"},"modified":"2023-12-01T10:19:13","modified_gmt":"2023-12-01T10:19:13","slug":"kutamnesztia-2024-januar-1-jetol","status":"publish","type":"post","link":"https:\/\/www.erdokovesd.hu\/?p=970","title":{"rendered":"K\u00fatamnesztia 2024. janu\u00e1r 1-j\u00e9t\u0151l"},"content":{"rendered":"\n<h4 class=\"wp-block-heading\">Az Orsz\u00e1ggy\u0171l\u00e9s 2013. j\u00fanius 13-\u00e1n fogadta el a v\u00edzgazd\u00e1lkod\u00e1sr\u00f3l sz\u00f3l\u00f3 1995. \u00e9vi LVII. t\u00f6rv\u00e9ny alapvet\u0151 m\u00f3dos\u00edt\u00e1s\u00e1t tartalmaz\u00f3 2023. \u00e9vi LI. t\u00f6rv\u00e9nyt. E jogszab\u00e1ly \u00e9rtelm\u00e9ben 2024. janu\u00e1r 1-j\u00e9t\u0151l \u00e9letbe l\u00e9p a k\u00fatamnesztia, ami azt jelenti, hogy a 2024. el\u0151tt enged\u00e9ly n\u00e9lk\u00fcl l\u00e9tes\u00edtett, 50 m\u00e9tern\u00e9l nem m\u00e9lyebb, h\u00e1ztart\u00e1si \u00e9s kerti c\u00e9lra haszn\u00e1lt talajv\u00edzkutakat nem kell bejelenteni, illetve a fennmarad\u00e1s\u00e1t enged\u00e9lyeztetni.<\/h4>\n\n\n\n<!--more-->\n\n\n\n<p>Az eddig \u00e9rv\u00e9nyben l\u00e9v\u0151 szab\u00e1lyok alapj\u00e1n 2023. \u00e9v v\u00e9g\u00e9ig enged\u00e9lyeztetni kellett volna a kor\u00e1bban illeg\u00e1lisan l\u00e9tes\u00fclt, h\u00e1ztart\u00e1si v\u00edzig\u00e9ny\u0171 kutakat. Azonban k\u00e9ptelens\u00e9gnek bizonyult annak felm\u00e9r\u00e9se, hogy mennyi talajv\u00edzk\u00fat m\u0171k\u00f6dik az orsz\u00e1gban, mivel az elm\u00falt \u00e9vekben az illeg\u00e1lis kutak b\u00edrs\u00e1gmentes bejelent\u00e9s\u00e9nek lehet\u0151s\u00e9ge nem vezetett eredm\u00e9nyre e ter\u00fcleten.&nbsp;<\/p>\n\n\n\n<p>Az \u00faj t\u00f6rv\u00e9nyi rendelkez\u00e9sek \u00e9rtelm\u00e9ben j\u00f6v\u0151 \u00e9vt\u0151l automatikusan szab\u00e1lyosnak min\u0151s\u00fclnek a 2024. janu\u00e1r 1-je el\u0151tt enged\u00e9ly n\u00e9lk\u00fcl l\u00e9tes\u00edtett, 50 m\u00e9tern\u00e9l nem m\u00e9lyebb, az els\u0151 v\u00edzz\u00e1r\u00f3 r\u00e9teget el nem \u00e9r\u0151 h\u00e1ztart\u00e1si v\u00edzig\u00e9ny\u0171 \u00e1sott vagy f\u00fart kutak.<\/p>\n\n\n\n<p>A k\u00f6nny\u00edt\u00e9s az\u00e9rt j\u00f6tt l\u00e9tre, mert a sek\u00e9ly kutak nem \u00e9rintik a felsz\u00edn alatti v\u00edzk\u00e9szletet, ezek forr\u00e1sa az \u00f6sszegy\u0171lt csapad\u00e9kv\u00edz, vagyis a talajv\u00edz, ez\u00e9rt k\u00f6rnyezetv\u00e9delmi szempontb\u00f3l nem jelentenek kock\u00e1zatot.<\/p>\n\n\n\n<p><strong>A k\u00fatamnesztia alapj\u00e1n teh\u00e1t az adott h\u00e1ztart\u00e1si talajv\u00edzkutak, &#8211; ezen a vid\u00e9ken jellemz\u0151en az \u00e1sott kutak &#8211; mindenf\u00e9le bejelent\u00e9s \u00e9s enged\u00e9ly n\u00e9lk\u00fcl szabadon fennmaradhatnak f\u00fcggetlen\u00fcl att\u00f3l, hogy v\u00edzk\u00e9szletv\u00e9delmi szempontb\u00f3l kock\u00e1zatos, vagy kock\u00e1zatmentes ter\u00fcleten helyezkednek el. Eset\u00fckben a helyi v\u00edz\u00fcgyi hat\u00f3s\u00e1g fel\u00e9 nincs teend\u0151.<\/strong><\/p>\n\n\n\n<p><em>A fentieket a Magyar V\u00edzk\u00fatf\u00far\u00f3k Egyes\u00fclete \u00e1ltal k\u00e9sz\u00edtett <a href=\"https:\/\/www.petervasara.hu\/2013\/wp-content\/uploads\/2023\/12\/kut_tablazat.pdf\" target=\"_blank\" rel=\"noreferrer noopener\">t\u00e1bl\u00e1zat<\/a> mutatja be k\u00f6z\u00e9rthet\u0151en<\/em>:<\/p>\n\n\n<div class=\"wp-block-image\">\n<figure class=\"aligncenter size-full\"><a href=\"https:\/\/www.petervasara.hu\/2013\/wp-content\/uploads\/2023\/12\/Kep2.jpg\"><img decoding=\"async\" src=\"https:\/\/www.petervasara.hu\/2013\/wp-content\/uploads\/2023\/12\/Kep2.jpg\" alt=\"\" class=\"wp-image-11854\"\/><\/a><\/figure><\/div>\n\n\n<p>2023. szeptember 7-\u00e9n <a href=\"http:\/\/www.kisfuzes.hu\">geoportal.vizugy.hu\/vizkeszletvedelem<\/a> el\u00e9rhet\u0151s\u00e9ggel elk\u00e9sz\u00fclt a v\u00edzk\u00e9szletv\u00e9delmi orsz\u00e1gt\u00e9rk\u00e9p. A t\u00e9rk\u00e9p megk\u00fcl\u00f6nb\u00f6zteti a v\u00edzk\u00e9szletv\u00e9delmi szempontb\u00f3l kock\u00e1zatos (az orsz\u00e1gt\u00e9rk\u00e9pen r\u00f3zsasz\u00ednnel jel\u00f6lt) ter\u00fcleteket, illetve a v\u00edzk\u00e9szletv\u00e9delmi szempontb\u00f3l kock\u00e1zatot nem jelent\u0151 (az orsz\u00e1gt\u00e9rk\u00e9pen feh\u00e9r sz\u00ednnel jel\u00f6lt) ter\u00fcleteket.<\/p>\n\n\n\n<p><a href=\"https:\/\/www.kemma.hu\/helyi-kozelet\/2023\/06\/van-kutad-kint-vagy-a-vizbol-itt-az-amnesztia-az-50-meternel-nem-melyebbekre\" target=\"_blank\" rel=\"noreferrer noopener\"><strong>A <\/strong><strong>t\u00f6rv\u00e9nym\u00f3dos\u00edt\u00e1s \u00e9rtelm\u00e9ben<\/strong><\/a><strong>,<\/strong><strong> aki a j\u00f6v\u0151 \u00e9vt\u0151l kezdve \u00faj kutat tervez l\u00e9tes\u00edteni<\/strong>, h\u00e1ztart\u00e1si c\u00e9l eset\u00e9n a kock\u00e1zatmentesnek min\u0151s\u00fcl\u0151, feh\u00e9r sz\u00ednnel jelzett ter\u00fcleten ezt enged\u00e9ly \u00e9s bejelent\u00e9s n\u00e9lk\u00fcl megteheti, a kock\u00e1zatosnak sz\u00e1m\u00edt\u00f3, r\u00f3zsasz\u00ednnel jelzett ter\u00fcleten pedig hat\u00f3s\u00e1gi j\u00f3v\u00e1hagy\u00e1st kell r\u00e1 k\u00e9rni.<\/p>\n\n\n\n<p>A jogszab\u00e1ly f\u00fart k\u00fat eset\u00e9ben h\u00e1ztart\u00e1si v\u00edzig\u00e9nyt is meghat\u00e1roz: ez j\u00f6v\u0151 janu\u00e1rt\u00f3l \u00e9vi 500 k\u00f6bm\u00e9tert meg nem halad\u00f3 v\u00edzhaszn\u00e1lattal egyenl\u0151.<\/p>\n\n\n\n<p>A h\u00e1ztart\u00e1si v\u00edzig\u00e9nyt kiel\u00e9g\u00edt\u0151, 50 m\u00e9ter talpm\u00e9lys\u00e9get meg nem halad\u00f3, \u00e9s az els\u0151 v\u00edzz\u00e1r\u00f3 r\u00e9teget el nem \u00e9r\u0151, \u00faj l\u00e9tes\u00edt\u00e9s\u0171 talajv\u00edzk\u00fat eset\u00e9ben v\u00edzv\u00e9delmi szempontb\u00f3l kock\u00e1zatmentes ter\u00fcleten 2024. janu\u00e1r 1-j\u00e9t k\u00f6vet\u0151en sem lesz teend\u0151, nem sz\u00fcks\u00e9ges v\u00edzjogi enged\u00e9ly \u00e9s bejelent\u00e9s a k\u00fat l\u00e9tes\u00edt\u00e9s\u00e9hez, \u00fczemeltet\u00e9s\u00e9hez vagy megsz\u00fcntet\u00e9s\u00e9hez.<\/p>\n\n\n\n<p>Iv\u00f3v\u00edz- vagy karsztb\u00e1zis szempontj\u00e1b\u00f3l kock\u00e1zatos ter\u00fcleten azonban a k\u00fat l\u00e9tes\u00edt\u00e9s\u00e9t, \u00fczemeltet\u00e9s\u00e9t \u00e9s megsz\u00fcntet\u00e9s\u00e9t el\u0151zetesen be kell jelenteni a k\u00fat helye szerint illet\u00e9kes Katasztr\u00f3fav\u00e9delmi Igazgat\u00f3s\u00e1g r\u00e9sz\u00e9re.<\/p>\n\n\n\n<p>A mez\u0151gazdas\u00e1gi c\u00e9l\u00fa talajv\u00edzkutak a v\u00edzkiv\u00e9teli szempontb\u00f3l kock\u00e1zatos ter\u00fcleteken a Nemzeti F\u00f6ld\u00fcgyi K\u00f6zpont \u00e1ltal kiadott v\u00edzjogi enged\u00e9ly alapj\u00e1n lesznek 2024. janu\u00e1r 1-j\u00e9t\u0151l \u00e9p\u00edthet\u0151k, szemben a nem kock\u00e1zatos ter\u00fcletekkel, ahol ugyanezek a kutak csup\u00e1n az egyszer\u0171bb, bejelent\u00e9s \u00e9s hat\u00f3s\u00e1gi j\u00f3v\u00e1hagy\u00e1si elj\u00e1r\u00e1s al\u00e1 tartoznak majd.<\/p>\n\n\n\n<p>V\u00edz\u00fcgyi hat\u00f3s\u00e1g 2024. janu\u00e1r 1-t\u0151l a k\u00fat helye szerint illet\u00e9kes Katasztr\u00f3fav\u00e9delmi Igazgat\u00f3s\u00e1g. Mez\u0151gazdas\u00e1gi c\u00e9l\u00fa k\u00fat l\u00e9tes\u00edt\u00e9se eset\u00e9n 2024. janu\u00e1r 1-t\u0151l a Nemzeti F\u00f6ld\u00fcgyi K\u00f6zpont fel\u00e9 kell bejelenteni a kock\u00e1zatmentes ter\u00fcleten l\u00e9tes\u00edtend\u0151, fenti felt\u00e9teleknek megfelel\u0151 kutakat, m\u00edg v\u00e9dend\u0151, kock\u00e1zatosnak min\u0151s\u00fcl\u0151 ter\u00fcleten enged\u00e9lyez\u00e9si elj\u00e1r\u00e1st kell lefolytatni n\u00e1luk.<\/p>\n\n\n\n<p>A P\u00e9terv\u00e1s\u00e1rai K\u00f6z\u00f6s \u00d6nkorm\u00e1nyzati Hivatal illet\u00e9kess\u00e9gi k\u00f6r\u00e9be tartoz\u00f3 telep\u00fcl\u00e9sek k\u00f6z\u00fcl az orsz\u00e1gt\u00e9rk\u00e9p alapj\u00e1n v\u00edzk\u00e9szletv\u00e9delmi szempontb\u00f3l kock\u00e1zatmentes (feh\u00e9r sz\u00ednnel jelzett) ter\u00fcletbe tartozik Iv\u00e1d, Kisf\u00fczes, Erd\u0151k\u00f6vesd \u00e9s V\u00e1rasz\u00f3 k\u00f6zs\u00e9g.<\/p>\n\n\n\n<p class=\"has-luminous-vivid-amber-to-luminous-vivid-orange-gradient-background has-background\"><strong>P\u00e9terv\u00e1s\u00e1ra v\u00e1ros belter\u00fclete a T\u00e1ncsics \u00fat, a D\u00f3zsa Gy\u00f6rgy \u00fat, a Budai Nagy Antal \u00fat, a V\u00e1r utca, a Templom utca fele r\u00e9sze \u00e9s a R\u00e1k\u00f3czi \u00fat kiv\u00e9tel\u00e9vel v\u00edzk\u00e9szletv\u00e9delmi szempontb\u00f3l kock\u00e1zatos (r\u00f3zsasz\u00ednnel jelzett) ter\u00fcletnek min\u0151s\u00fcl.<\/strong><\/p>\n\n\n\n<p><em>A belter\u00fcleti lefedetts\u00e9get tartalmaz\u00f3 orsz\u00e1gt\u00e9rk\u00e9p m\u00e1solata az al\u00e1bbi \u00e1br\u00e1n l\u00e1that\u00f3<\/em>:<\/p>\n\n\n\n<figure class=\"wp-block-image size-large\"><a href=\"https:\/\/www.petervasara.hu\/2013\/wp-content\/uploads\/2023\/12\/teruletek-scaled.jpg\"><img decoding=\"async\" src=\"https:\/\/www.petervasara.hu\/2013\/wp-content\/uploads\/2023\/12\/teruletek-725x1024.jpg\" alt=\"\" class=\"wp-image-11857\"\/><\/a><\/figure>\n","protected":false},"excerpt":{"rendered":"<p>Az Orsz\u00e1ggy\u0171l\u00e9s 2013. j\u00fanius 13-\u00e1n fogadta el a v\u00edzgazd\u00e1lkod\u00e1sr\u00f3l sz\u00f3l\u00f3 1995. \u00e9vi LVII. t\u00f6rv\u00e9ny alapvet\u0151 m\u00f3dos\u00edt\u00e1s\u00e1t tartalmaz\u00f3 2023. \u00e9vi LI. t\u00f6rv\u00e9nyt. E jogszab\u00e1ly \u00e9rtelm\u00e9ben 2024. janu\u00e1r 1-j\u00e9t\u0151l \u00e9letbe l\u00e9p a k\u00fatamnesztia, ami azt jelenti,&#46;&#46;&#46;<\/p>\n","protected":false},"author":1,"featured_media":971,"comment_status":"closed","ping_status":"open","sticky":false,"template":"","format":"standard","meta":{"footnotes":""},"categories":[17],"tags":[42,60,45],"class_list":["post-970","post","type-post","status-publish","format-standard","has-post-thumbnail","hentry","category-hirek","tag-42","tag-kornyezetvedelem","tag-tajekoztatas"],"_links":{"self":[{"href":"https:\/\/www.erdokovesd.hu\/index.php?rest_route=\/wp\/v2\/posts\/970","targetHints":{"allow":["GET"]}}],"collection":[{"href":"https:\/\/www.erdokovesd.hu\/index.php?rest_route=\/wp\/v2\/posts"}],"about":[{"href":"https:\/\/www.erdokovesd.hu\/index.php?rest_route=\/wp\/v2\/types\/post"}],"author":[{"embeddable":true,"href":"https:\/\/www.erdokovesd.hu\/index.php?rest_route=\/wp\/v2\/users\/1"}],"replies":[{"embeddable":true,"href":"https:\/\/www.erdokovesd.hu\/index.php?rest_route=%2Fwp%2Fv2%2Fcomments&post=970"}],"version-history":[{"count":1,"href":"https:\/\/www.erdokovesd.hu\/index.php?rest_route=\/wp\/v2\/posts\/970\/revisions"}],"predecessor-version":[{"id":972,"href":"https:\/\/www.erdokovesd.hu\/index.php?rest_route=\/wp\/v2\/posts\/970\/revisions\/972"}],"wp:featuredmedia":[{"embeddable":true,"href":"https:\/\/www.erdokovesd.hu\/index.php?rest_route=\/wp\/v2\/media\/971"}],"wp:attachment":[{"href":"https:\/\/www.erdokovesd.hu\/index.php?rest_route=%2Fwp%2Fv2%2Fmedia&parent=970"}],"wp:term":[{"taxonomy":"category","embeddable":true,"href":"https:\/\/www.erdokovesd.hu\/index.php?rest_route=%2Fwp%2Fv2%2Fcategories&post=970"},{"taxonomy":"post_tag","embeddable":true,"href":"https:\/\/www.erdokovesd.hu\/index.php?rest_route=%2Fwp%2Fv2%2Ftags&post=970"}],"curies":[{"name":"wp","href":"https:\/\/api.w.org\/{rel}","templated":true}]}}